{"id":1032,"date":"2025-05-02T12:32:14","date_gmt":"2025-05-02T15:32:14","guid":{"rendered":"https:\/\/digietal.net\/projetos\/?p=1032"},"modified":"2025-05-02T12:32:14","modified_gmt":"2025-05-02T15:32:14","slug":"eleicao-do-papa","status":"publish","type":"post","link":"https:\/\/sindesp.org.br\/index.php\/2025\/05\/02\/eleicao-do-papa\/","title":{"rendered":"ELEI\u00c7\u00c3O DO PAPA"},"content":{"rendered":"\n<p><strong>Situada dentro do menor estado do mundo, o Vaticano, a\u00a0<\/strong><strong>Bas\u00edlica de S\u00e3o Pedro\u00a0<\/strong><strong>\u00e9 o templo cat\u00f3lico mais importante do mundo. Nomeado em homenagem ao primeiro papa do mundo, S\u00e3o Pedro, a bel\u00edssima bas\u00edlica papal \u00e9 uma verdadeira obra de arte! Da fachada ao ambiente interno, tudo na Bas\u00edlica de S\u00e3o Pedro impressiona<\/strong><strong>.<\/strong><\/p>\n\n\n\n<p><strong>Ap\u00f3s o sepultamento do papa Francisco em 26.04.2025\u00a0<\/strong><strong>a\u00a0<\/strong><strong>Igreja Cat\u00f3lica come\u00e7a um per\u00edodo de luto de nove dias que deve ser respeitado at\u00e9 a elei\u00e7\u00e3o que escolhe seu pr\u00f3ximo pont\u00edfice.\u00a0<\/strong><strong>A vota\u00e7\u00e3o \u00e9 conhecida como\u00a0<\/strong><strong>Conclave<\/strong><strong>\u00a0s\u00f3 deve come\u00e7ar ap\u00f3s o dia\u00a0<\/strong><strong>05.05.2025<\/strong><strong>. Pela norma, o in\u00edcio do Conclave pode ser antecipado se todos os cardeais com direito a voto j\u00e1 estiverem no\u00a0<\/strong><strong>Vaticano<\/strong><strong>\u00a0\u00a0<\/strong><strong>\u00a0<\/strong><strong>atualmente, formado por\u00a0252 religiosos, convocados<\/strong><strong>\u00a0para compor o chamado Col\u00e9gio dos Cardeais<\/strong><strong>.\u00a0<\/strong><strong>Oito brasileiros est\u00e3o nessa forma\u00e7\u00e3o. \u00a0Esse grupo ajuda a organizar o Conclave e discute quest\u00f5es inadi\u00e1veis da igreja. No entanto, apenas os cardeais com menos de 80 anos podem participar da elei\u00e7\u00e3o. Atualmente, 135 se enquadram nesse crit\u00e9rio \u2014 entre eles, sete brasileiros. Dois deles, no entanto, anunciaram que n\u00e3o devem comparecer.<\/strong><\/p>\n\n\n\n<p><strong>Durante os dias do Conclave, os cardeais eleitores ficam fechados dentro do Vaticano, em uma \u00e1rea conhecida como\u00a0\u201czona de Conclave\u201d. Eles tamb\u00e9m fazem um juramento de segredo absoluto sobre o processo. As vota\u00e7\u00f5es acontecem dentro da Capela Sistina. Para ser eleito, um cardeal precisa receber\u00a0dois ter\u00e7os dos votos, que s\u00e3o secretos e queimados ap\u00f3s a contagem. Caso o pr\u00f3ximo Conclave realmente re\u00fana 133 cardeais,\u00a0ser\u00e3o necess\u00e1rios ao menos 89 votos.\u00a0\u00a0<\/strong><strong>Ao todo, at\u00e9\u00a0quatro vota\u00e7\u00f5es\u00a0podem ser realizadas\u00a0por dia\u00a0\u2014 duas pela manh\u00e3 e duas \u00e0 tarde. Se, depois do terceiro dia de Conclave, a Igreja continuar sem papa, uma\u00a0pausa de 24 horas\u00a0\u00e9 feita para ora\u00e7\u00f5es. Outra pausa pode ser convocada ap\u00f3s mais\u00a0sete vota\u00e7\u00f5es\u00a0sem um eleito.\u00a0<\/strong><strong>Caso haja\u00a034 vota\u00e7\u00f5es sem consenso, os dois mais votados da \u00faltima rodada disputar\u00e3o uma esp\u00e9cie de \u201csegundo turno\u201d. Ainda assim, ser\u00e1 necess\u00e1rio atingir dois ter\u00e7os dos votos para que um deles seja eleito. Na hist\u00f3ria da Igreja como um todo, por\u00e9m, j\u00e1 houve elei\u00e7\u00f5es que duraram semanas \u2014 incluindo um epis\u00f3dio no s\u00e9culo 13 em que um Conclave demorou mais de dois anos para ser conclu\u00eddo e terminou com a elei\u00e7\u00e3o de Greg\u00f3rio X. No caso do Conclave deste ano, a Santa S\u00e9 prorrogou at\u00e9 31 de maio as credenciais tempor\u00e1rias de jornalistas que cobrem o Vaticano. O sete brasileiros est\u00e3o aptos a participar da vota\u00e7\u00e3o. Veja a seguir quem s\u00e3o eles: \u2013\u00a0<\/strong><strong>S\u00c9RGIO DA ROCHA, PRIMAZ DO BRASIL E ARCEBISPO DE SALVADOR, 65 ANOS. \u2013\u00a0 JAIME SPENGLER, PRESIDENTE DA CNBB E ARCEBISPO DE PORTO ALEGRE, 64 ANOS. \u2013 ODILO SCHERER, ARCEBISPO DE S\u00c3O PAULO, 75 ANOS. \u2013 ORANI TEMPESTA, ARCEBISPO DO RIO DE JANEIRO, 74 ANOS. \u2013 PAULO CEZAR COSTA, ARCEBISPO DE BRAS\u00cdLIA, 57 ANOS. \u2013 JO\u00c3O BRAZ DE AVIZ, ARCEBISPO EM\u00c9RITO DE BRAS\u00cdLIA, 77 ANOS. LEONARDO ULRICH STEINER, ARCEBISPO DE MANAUS, 74 ANOS.<\/strong><\/p>\n","protected":false},"excerpt":{"rendered":"<p>Situada dentro do menor estado do mundo, o Vaticano, a\u00a0Bas\u00edlica de S\u00e3o Pedro\u00a0\u00e9 o templo cat\u00f3lico mais importante do mundo. Nomeado em homenagem ao primeiro papa do mundo, S\u00e3o Pedro, a bel\u00edssima bas\u00edlica papal \u00e9 uma verdadeira obra de arte! Da fachada ao ambiente interno, tudo na Bas\u00edlica de S\u00e3o Pedro impressiona. Ap\u00f3s o sepultamento do papa Francisco em 26.04.2025\u00a0a\u00a0Igreja Cat\u00f3lica come\u00e7a um per\u00edodo de luto de nove dias que deve ser respeitado at\u00e9 a elei\u00e7\u00e3o que escolhe seu pr\u00f3ximo pont\u00edfice.\u00a0A vota\u00e7\u00e3o \u00e9 conhecida como\u00a0Conclave\u00a0s\u00f3 deve come\u00e7ar ap\u00f3s o dia\u00a005.05.2025. Pela norma, o in\u00edcio do Conclave pode ser antecipado se todos os cardeais com direito a voto j\u00e1 estiverem no\u00a0Vaticano\u00a0\u00a0\u00a0atualmente, formado por\u00a0252 religiosos, convocados\u00a0para compor o chamado Col\u00e9gio dos Cardeais.\u00a0Oito brasileiros est\u00e3o nessa forma\u00e7\u00e3o. \u00a0Esse grupo ajuda a organizar o Conclave e discute quest\u00f5es inadi\u00e1veis da igreja. No entanto, apenas os cardeais com menos de 80 anos podem participar da elei\u00e7\u00e3o. Atualmente, 135 se enquadram nesse crit\u00e9rio \u2014 entre eles, sete brasileiros. Dois deles, no entanto, anunciaram que n\u00e3o devem comparecer. Durante os dias do Conclave, os cardeais eleitores ficam fechados dentro do Vaticano, em uma \u00e1rea conhecida como\u00a0\u201czona de Conclave\u201d. Eles tamb\u00e9m fazem um juramento de segredo absoluto sobre o processo. As vota\u00e7\u00f5es acontecem dentro da Capela Sistina. Para ser eleito, um cardeal precisa receber\u00a0dois ter\u00e7os dos votos, que s\u00e3o secretos e queimados ap\u00f3s a contagem. Caso o pr\u00f3ximo Conclave realmente re\u00fana 133 cardeais,\u00a0ser\u00e3o necess\u00e1rios ao menos 89 votos.\u00a0\u00a0Ao todo, at\u00e9\u00a0quatro vota\u00e7\u00f5es\u00a0podem ser realizadas\u00a0por dia\u00a0\u2014 duas pela manh\u00e3 e duas \u00e0 tarde. Se, depois do terceiro dia de Conclave, a Igreja continuar sem papa, uma\u00a0pausa de 24 horas\u00a0\u00e9 feita para ora\u00e7\u00f5es. Outra pausa pode ser convocada ap\u00f3s mais\u00a0sete vota\u00e7\u00f5es\u00a0sem um eleito.\u00a0Caso haja\u00a034 vota\u00e7\u00f5es sem consenso, os dois mais votados da \u00faltima rodada disputar\u00e3o uma esp\u00e9cie de \u201csegundo turno\u201d. Ainda assim, ser\u00e1 necess\u00e1rio atingir dois ter\u00e7os dos votos para que um deles seja eleito. Na hist\u00f3ria da Igreja como um todo, por\u00e9m, j\u00e1 houve elei\u00e7\u00f5es que duraram semanas \u2014 incluindo um epis\u00f3dio no s\u00e9culo 13 em que um Conclave demorou mais de dois anos para ser conclu\u00eddo e terminou com a elei\u00e7\u00e3o de Greg\u00f3rio X. No caso do Conclave deste ano, a Santa S\u00e9 prorrogou at\u00e9 31 de maio as credenciais tempor\u00e1rias de jornalistas que cobrem o Vaticano. O sete brasileiros est\u00e3o aptos a participar da vota\u00e7\u00e3o. Veja a seguir quem s\u00e3o eles: \u2013\u00a0S\u00c9RGIO DA ROCHA, PRIMAZ DO BRASIL E ARCEBISPO DE SALVADOR, 65 ANOS. \u2013\u00a0 JAIME SPENGLER, PRESIDENTE DA CNBB E ARCEBISPO DE PORTO ALEGRE, 64 ANOS. \u2013 ODILO SCHERER, ARCEBISPO DE S\u00c3O PAULO, 75 ANOS. \u2013 ORANI TEMPESTA, ARCEBISPO DO RIO DE JANEIRO, 74 ANOS. \u2013 PAULO CEZAR COSTA, ARCEBISPO DE BRAS\u00cdLIA, 57 ANOS. \u2013 JO\u00c3O BRAZ DE AVIZ, ARCEBISPO EM\u00c9RITO DE BRAS\u00cdLIA, 77 ANOS. LEONARDO ULRICH STEINER, ARCEBISPO DE MANAUS, 74 ANOS.<\/p>\n","protected":false},"author":1,"featured_media":1037,"comment_status":"open","ping_status":"open","sticky":false,"template":"elementor_header_footer","format":"standard","meta":{"_joinchat":[],"footnotes":""},"categories":[8],"tags":[],"class_list":["post-1032","post","type-post","status-publish","format-standard","has-post-thumbnail","hentry","category-noticia"],"_links":{"self":[{"href":"https:\/\/sindesp.org.br\/index.php\/wp-json\/wp\/v2\/posts\/1032","targetHints":{"allow":["GET"]}}],"collection":[{"href":"https:\/\/sindesp.org.br\/index.php\/wp-json\/wp\/v2\/posts"}],"about":[{"href":"https:\/\/sindesp.org.br\/index.php\/wp-json\/wp\/v2\/types\/post"}],"author":[{"embeddable":true,"href":"https:\/\/sindesp.org.br\/index.php\/wp-json\/wp\/v2\/users\/1"}],"replies":[{"embeddable":true,"href":"https:\/\/sindesp.org.br\/index.php\/wp-json\/wp\/v2\/comments?post=1032"}],"version-history":[{"count":0,"href":"https:\/\/sindesp.org.br\/index.php\/wp-json\/wp\/v2\/posts\/1032\/revisions"}],"wp:featuredmedia":[{"embeddable":true,"href":"https:\/\/sindesp.org.br\/index.php\/wp-json\/"}],"wp:attachment":[{"href":"https:\/\/sindesp.org.br\/index.php\/wp-json\/wp\/v2\/media?parent=1032"}],"wp:term":[{"taxonomy":"category","embeddable":true,"href":"https:\/\/sindesp.org.br\/index.php\/wp-json\/wp\/v2\/categories?post=1032"},{"taxonomy":"post_tag","embeddable":true,"href":"https:\/\/sindesp.org.br\/index.php\/wp-json\/wp\/v2\/tags?post=1032"}],"curies":[{"name":"wp","href":"https:\/\/api.w.org\/{rel}","templated":true}]}}