{"id":1551,"date":"2025-05-14T07:59:02","date_gmt":"2025-05-14T10:59:02","guid":{"rendered":"https:\/\/digietal.net\/projetos\/?p=1551"},"modified":"2025-09-24T08:39:10","modified_gmt":"2025-09-24T11:39:10","slug":"maio-mes-de-combate-ao-abuso-e-a-exploracao-sexual-infantil-no-brasil","status":"publish","type":"post","link":"https:\/\/sindesp.org.br\/index.php\/2025\/05\/14\/maio-mes-de-combate-ao-abuso-e-a-exploracao-sexual-infantil-no-brasil\/","title":{"rendered":"Maio &#8211; M\u00eas de Combate ao abuso e \u00e0 explora\u00e7\u00e3o sexual infantil no Brasil"},"content":{"rendered":"\t\t<div data-elementor-type=\"wp-post\" data-elementor-id=\"1551\" class=\"elementor elementor-1551\" data-elementor-post-type=\"post\">\n\t\t\t\t<div class=\"elementor-element elementor-element-d7fe5e9 e-flex e-con-boxed wpr-particle-no wpr-jarallax-no wpr-parallax-no wpr-sticky-section-no wpr-equal-height-no e-con e-parent\" data-id=\"d7fe5e9\" data-element_type=\"container\" data-e-type=\"container\">\n\t\t\t\t\t<div class=\"e-con-inner\">\n\t\t\t\t<div class=\"elementor-element elementor-element-1f7a323 elementor-widget elementor-widget-text-editor\" data-id=\"1f7a323\" data-element_type=\"widget\" data-e-type=\"widget\" data-widget_type=\"text-editor.default\">\n\t\t\t\t\t\t\t\t\t<p>\u00a0<\/p><p><br \/>Dia 18 de maio \u00e9 o dia nacional de combate ao abuso e \u00e0 explora\u00e7\u00e3o sexual infantil no Brasil.<\/p><p>O #maiolaranja \u00e9 uma inciativa que visa dar visibilidade a este assunto. Temos o sonho de que esta data e este m\u00eas esteja na mem\u00f3ria de cada brasileiro n\u00e3o somente em 2020, mas todos os anos. Somos uma campanha de conscientiza\u00e7\u00e3o, e sendo assim, acreditamos que para combater qualquer problema \u00e9 necess\u00e1rio conhece-lo.<\/p><p>Precisamos discutir, provocar conversas sobre a viol\u00eancia sexual contra crian\u00e7as e adolescentes aqui no Brasil.<br \/>A cada hora 3 crian\u00e7as s\u00e3o abusadas no Brasil. Cerca de 51% tem entre 1 a 5 anos de idade.<\/p><p>Todos os anos 500 mil crian\u00e7as e adolescentes s\u00e3o explorados sexualmente no nosso pa\u00eds e h\u00e1 dados que sugerem que somente 7,5% dos dados cheguem a ser denunciados \u00e0s autoridades, ou seja, estes n\u00fameros na verdade s\u00e3o muito maiores.<\/p><p>A luta \u00e9 de todos n\u00f3s. S\u00e3o as nossas crian\u00e7as. \u00c9 o nosso futuro.<\/p><p><br \/>Fonte: maiolaranja.org.br<\/p><p>\u00a0<\/p>\t\t\t\t\t\t\t\t<\/div>\n\t\t\t\t\t<\/div>\n\t\t\t\t<\/div>\n\t\t\t\t<\/div>\n\t\t","protected":false},"excerpt":{"rendered":"<p>Dia 18 de maio \u00e9 o dia nacional de combate ao abuso e \u00e0 explora\u00e7\u00e3o sexual infantil no Brasil. O #maiolaranja \u00e9 uma inciativa que visa dar visibilidade a este assunto. Temos o sonho de que esta data e este m\u00eas esteja na mem\u00f3ria de cada brasileiro n\u00e3o somente em 2020, mas todos os anos. Somos uma campanha de conscientiza\u00e7\u00e3o, e sendo assim, acreditamos que para combater qualquer problema \u00e9 necess\u00e1rio conhece-lo. Precisamos discutir, provocar conversas sobre a viol\u00eancia sexual contra crian\u00e7as e adolescentes aqui no Brasil. A cada hora 3 crian\u00e7as s\u00e3o abusadas no Brasil. Cerca de 51% tem entre 1 a 5 anos de idade. Todos os anos 500 mil crian\u00e7as e adolescentes s\u00e3o explorados sexualmente no nosso pa\u00eds e h\u00e1 dados que sugerem que somente 7,5% dos dados cheguem a ser denunciados \u00e0s autoridades, ou seja, estes n\u00fameros na verdade s\u00e3o muito maiores. A luta \u00e9 de todos n\u00f3s. S\u00e3o as nossas crian\u00e7as. \u00c9 o nosso futuro. Fonte: maiolaranja.org.br<\/p>\n","protected":false},"author":1,"featured_media":2378,"comment_status":"open","ping_status":"open","sticky":false,"template":"","format":"standard","meta":{"_joinchat":[],"footnotes":""},"categories":[5],"tags":[],"class_list":["post-1551","post","type-post","status-publish","format-standard","has-post-thumbnail","hentry","category-destaques"],"_links":{"self":[{"href":"https:\/\/sindesp.org.br\/index.php\/wp-json\/wp\/v2\/posts\/1551","targetHints":{"allow":["GET"]}}],"collection":[{"href":"https:\/\/sindesp.org.br\/index.php\/wp-json\/wp\/v2\/posts"}],"about":[{"href":"https:\/\/sindesp.org.br\/index.php\/wp-json\/wp\/v2\/types\/post"}],"author":[{"embeddable":true,"href":"https:\/\/sindesp.org.br\/index.php\/wp-json\/wp\/v2\/users\/1"}],"replies":[{"embeddable":true,"href":"https:\/\/sindesp.org.br\/index.php\/wp-json\/wp\/v2\/comments?post=1551"}],"version-history":[{"count":1,"href":"https:\/\/sindesp.org.br\/index.php\/wp-json\/wp\/v2\/posts\/1551\/revisions"}],"predecessor-version":[{"id":2379,"href":"https:\/\/sindesp.org.br\/index.php\/wp-json\/wp\/v2\/posts\/1551\/revisions\/2379"}],"wp:featuredmedia":[{"embeddable":true,"href":"https:\/\/sindesp.org.br\/index.php\/wp-json\/wp\/v2\/media\/2378"}],"wp:attachment":[{"href":"https:\/\/sindesp.org.br\/index.php\/wp-json\/wp\/v2\/media?parent=1551"}],"wp:term":[{"taxonomy":"category","embeddable":true,"href":"https:\/\/sindesp.org.br\/index.php\/wp-json\/wp\/v2\/categories?post=1551"},{"taxonomy":"post_tag","embeddable":true,"href":"https:\/\/sindesp.org.br\/index.php\/wp-json\/wp\/v2\/tags?post=1551"}],"curies":[{"name":"wp","href":"https:\/\/api.w.org\/{rel}","templated":true}]}}