{"id":1566,"date":"2017-10-17T08:16:41","date_gmt":"2017-10-17T10:16:41","guid":{"rendered":"https:\/\/digietal.net\/projetos\/?p=1566"},"modified":"2017-10-17T08:16:41","modified_gmt":"2017-10-17T10:16:41","slug":"edital-de-convocacao-para-a-eleicao-do-sindesp","status":"publish","type":"post","link":"https:\/\/sindesp.org.br\/index.php\/2017\/10\/17\/edital-de-convocacao-para-a-eleicao-do-sindesp\/","title":{"rendered":"Edital de Convoca\u00e7\u00e3o para a Elei\u00e7\u00e3o do SINDESP"},"content":{"rendered":"\t\t<div data-elementor-type=\"wp-post\" data-elementor-id=\"1566\" class=\"elementor elementor-1566\" data-elementor-post-type=\"post\">\n\t\t\t\t<div class=\"elementor-element elementor-element-f938a80 e-flex e-con-boxed wpr-particle-no wpr-jarallax-no wpr-parallax-no wpr-sticky-section-no wpr-equal-height-no e-con e-parent\" data-id=\"f938a80\" data-element_type=\"container\" data-e-type=\"container\" data-settings=\"{&quot;background_background&quot;:&quot;classic&quot;}\">\n\t\t\t\t\t<div class=\"e-con-inner\">\n\t\t\t\t<div class=\"elementor-element elementor-element-784c9c50 elementor-widget elementor-widget-heading\" data-id=\"784c9c50\" data-element_type=\"widget\" data-e-type=\"widget\" data-widget_type=\"heading.default\">\n\t\t\t\t\t<h2 class=\"elementor-heading-title elementor-size-default\">Edital de Convoca\u00e7\u00e3o para a Elei\u00e7\u00e3o do SINDESP<\/h2>\t\t\t\t<\/div>\n\t\t\t\t\t<\/div>\n\t\t\t\t<\/div>\n\t\t<div class=\"elementor-element elementor-element-1e34e8a5 e-flex e-con-boxed wpr-particle-no wpr-jarallax-no wpr-parallax-no wpr-sticky-section-no wpr-equal-height-no e-con e-parent\" data-id=\"1e34e8a5\" data-element_type=\"container\" data-e-type=\"container\">\n\t\t\t\t\t<div class=\"e-con-inner\">\n\t\t\t\t<div class=\"elementor-element elementor-element-2765a51a elementor-widget elementor-widget-text-editor\" data-id=\"2765a51a\" data-element_type=\"widget\" data-e-type=\"widget\" data-widget_type=\"text-editor.default\">\n\t\t\t\t\t\t\t\t\t<p>A Comiss\u00e3o Eleitoral torna p\u00fablico o\u00a0<strong><a href=\"https:\/\/sindesp.org.br\/wp-content\/uploads\/2017\/10\/downloads_editaleleicaosindesp.pdf\">Edital N\u00ba 01\/2017-Comiss\u00e3o Eleitoral, de 09\/10\/2017<\/a><\/strong>\u00a0que convoca os associados do Sindicato dos Docentes do Ensino Superior P\u00fablico do Estado do Cear\u00e1 \u2013 SINDESP para a Elei\u00e7\u00e3o da Diretoria, do Conselho Fiscal e do Conselho Deliberativo do sindicato e d\u00e1 outras provid\u00eancias.<\/p>\t\t\t\t\t\t\t\t<\/div>\n\t\t\t\t\t<\/div>\n\t\t\t\t<\/div>\n\t\t\t\t<\/div>\n\t\t","protected":false},"excerpt":{"rendered":"<p>Edital de Convoca\u00e7\u00e3o para a Elei\u00e7\u00e3o do SINDESP A Comiss\u00e3o Eleitoral torna p\u00fablico o\u00a0Edital N\u00ba 01\/2017-Comiss\u00e3o Eleitoral, de 09\/10\/2017\u00a0que convoca os associados do Sindicato dos Docentes do Ensino Superior P\u00fablico do Estado do Cear\u00e1 \u2013 SINDESP para a Elei\u00e7\u00e3o da Diretoria, do Conselho Fiscal e do Conselho Deliberativo do sindicato e d\u00e1 outras provid\u00eancias.<\/p>\n","protected":false},"author":1,"featured_media":0,"comment_status":"open","ping_status":"open","sticky":false,"template":"elementor_header_footer","format":"standard","meta":{"_joinchat":[],"footnotes":""},"categories":[10,6],"tags":[],"class_list":["post-1566","post","type-post","status-publish","format-standard","hentry","category-10","category-eleicoes"],"_links":{"self":[{"href":"https:\/\/sindesp.org.br\/index.php\/wp-json\/wp\/v2\/posts\/1566","targetHints":{"allow":["GET"]}}],"collection":[{"href":"https:\/\/sindesp.org.br\/index.php\/wp-json\/wp\/v2\/posts"}],"about":[{"href":"https:\/\/sindesp.org.br\/index.php\/wp-json\/wp\/v2\/types\/post"}],"author":[{"embeddable":true,"href":"https:\/\/sindesp.org.br\/index.php\/wp-json\/wp\/v2\/users\/1"}],"replies":[{"embeddable":true,"href":"https:\/\/sindesp.org.br\/index.php\/wp-json\/wp\/v2\/comments?post=1566"}],"version-history":[{"count":0,"href":"https:\/\/sindesp.org.br\/index.php\/wp-json\/wp\/v2\/posts\/1566\/revisions"}],"wp:attachment":[{"href":"https:\/\/sindesp.org.br\/index.php\/wp-json\/wp\/v2\/media?parent=1566"}],"wp:term":[{"taxonomy":"category","embeddable":true,"href":"https:\/\/sindesp.org.br\/index.php\/wp-json\/wp\/v2\/categories?post=1566"},{"taxonomy":"post_tag","embeddable":true,"href":"https:\/\/sindesp.org.br\/index.php\/wp-json\/wp\/v2\/tags?post=1566"}],"curies":[{"name":"wp","href":"https:\/\/api.w.org\/{rel}","templated":true}]}}