{"id":1815,"date":"2025-07-08T12:06:57","date_gmt":"2025-07-08T15:06:57","guid":{"rendered":"https:\/\/digietal.net\/projetos\/?p=1815"},"modified":"2025-09-24T10:23:33","modified_gmt":"2025-09-24T13:23:33","slug":"reitor-da-uece-e-entrevistado-pelo-jornal-o-povo","status":"publish","type":"post","link":"https:\/\/sindesp.org.br\/index.php\/2025\/07\/08\/reitor-da-uece-e-entrevistado-pelo-jornal-o-povo\/","title":{"rendered":"Reitor da Uece \u00e9 entrevistado pelo jornal O Povo"},"content":{"rendered":"<p>O reitor da Universidade Estadual do Cear\u00e1 (Uece), professor Hidelbrando Soares, foi o entrevistado da tradicional coluna P\u00e1ginas Azuis, publicada nesta segunda-feira (7) pelo jornal O Povo. O espa\u00e7o \u00e9 dedicado a entrevistas profundas que exploram a trajet\u00f3ria, vis\u00f5es e projetos de figuras influentes, veiculado em vers\u00e3o impressa e digital.<\/p>\n<p>Na conversa, Hidelbrando falou sobre sua trajet\u00f3ria de vida e de gest\u00e3o, abordando temas como educa\u00e7\u00e3o p\u00fablica, interioriza\u00e7\u00e3o da universidade, expans\u00e3o da p\u00f3s-gradua\u00e7\u00e3o, desafios administrativos e o futuro da Uece. A entrevista tamb\u00e9m destaca a import\u00e2ncia da universidade para o desenvolvimento do Cear\u00e1 e o compromisso da atual gest\u00e3o com a inclus\u00e3o, a inova\u00e7\u00e3o e a valoriza\u00e7\u00e3o da ci\u00eancia. &#8211; Fonte: Portal Uece<\/p>\n","protected":false},"excerpt":{"rendered":"<p>O reitor da Universidade Estadual do Cear\u00e1 (Uece), professor Hidelbrando Soares, foi o entrevistado da tradicional coluna P\u00e1ginas Azuis, publicada nesta segunda-feira (7) pelo jornal O Povo. O espa\u00e7o \u00e9 dedicado a entrevistas profundas que exploram a trajet\u00f3ria, vis\u00f5es e projetos de figuras influentes, veiculado em vers\u00e3o impressa e digital. Na conversa, Hidelbrando falou sobre sua trajet\u00f3ria de vida e de gest\u00e3o, abordando temas como educa\u00e7\u00e3o p\u00fablica, interioriza\u00e7\u00e3o da universidade, expans\u00e3o da p\u00f3s-gradua\u00e7\u00e3o, desafios administrativos e o futuro da Uece. A entrevista tamb\u00e9m destaca a import\u00e2ncia da universidade para o desenvolvimento do Cear\u00e1 e o compromisso da atual gest\u00e3o com a inclus\u00e3o, a inova\u00e7\u00e3o e a valoriza\u00e7\u00e3o da ci\u00eancia. &#8211; Fonte: Portal Uece<\/p>\n","protected":false},"author":1,"featured_media":2809,"comment_status":"open","ping_status":"open","sticky":false,"template":"","format":"standard","meta":{"_joinchat":[],"footnotes":""},"categories":[5],"tags":[],"class_list":["post-1815","post","type-post","status-publish","format-standard","has-post-thumbnail","hentry","category-destaques"],"_links":{"self":[{"href":"https:\/\/sindesp.org.br\/index.php\/wp-json\/wp\/v2\/posts\/1815","targetHints":{"allow":["GET"]}}],"collection":[{"href":"https:\/\/sindesp.org.br\/index.php\/wp-json\/wp\/v2\/posts"}],"about":[{"href":"https:\/\/sindesp.org.br\/index.php\/wp-json\/wp\/v2\/types\/post"}],"author":[{"embeddable":true,"href":"https:\/\/sindesp.org.br\/index.php\/wp-json\/wp\/v2\/users\/1"}],"replies":[{"embeddable":true,"href":"https:\/\/sindesp.org.br\/index.php\/wp-json\/wp\/v2\/comments?post=1815"}],"version-history":[{"count":1,"href":"https:\/\/sindesp.org.br\/index.php\/wp-json\/wp\/v2\/posts\/1815\/revisions"}],"predecessor-version":[{"id":2810,"href":"https:\/\/sindesp.org.br\/index.php\/wp-json\/wp\/v2\/posts\/1815\/revisions\/2810"}],"wp:featuredmedia":[{"embeddable":true,"href":"https:\/\/sindesp.org.br\/index.php\/wp-json\/wp\/v2\/media\/2809"}],"wp:attachment":[{"href":"https:\/\/sindesp.org.br\/index.php\/wp-json\/wp\/v2\/media?parent=1815"}],"wp:term":[{"taxonomy":"category","embeddable":true,"href":"https:\/\/sindesp.org.br\/index.php\/wp-json\/wp\/v2\/categories?post=1815"},{"taxonomy":"post_tag","embeddable":true,"href":"https:\/\/sindesp.org.br\/index.php\/wp-json\/wp\/v2\/tags?post=1815"}],"curies":[{"name":"wp","href":"https:\/\/api.w.org\/{rel}","templated":true}]}}