{"id":1819,"date":"2025-07-08T12:10:01","date_gmt":"2025-07-08T15:10:01","guid":{"rendered":"https:\/\/digietal.net\/projetos\/?p=1819"},"modified":"2025-09-24T17:10:33","modified_gmt":"2025-09-24T20:10:33","slug":"professoras-da-uece-sao-contempladas-no-edital-mulheres-na-ciencia-da-funcap","status":"publish","type":"post","link":"https:\/\/sindesp.org.br\/index.php\/2025\/07\/08\/professoras-da-uece-sao-contempladas-no-edital-mulheres-na-ciencia-da-funcap\/","title":{"rendered":"Professoras da Uece s\u00e3o contempladas no Edital Mulheres na Ci\u00eancia da Funcap"},"content":{"rendered":"<p>A Universidade Estadual do Cear\u00e1 (Uece) celebra a aprova\u00e7\u00e3o de cinco docentes no Edital Funcap n\u00ba 04\/2025 \u2013 Mulheres na Ci\u00eancia, iniciativa voltada ao fortalecimento da produ\u00e7\u00e3o cient\u00edfica desenvolvida por mulheres no Cear\u00e1.<\/p>\n<p>A chamada tem como objetivo valorizar trajet\u00f3rias acad\u00eamicas femininas e estimular a equidade de g\u00eanero nas institui\u00e7\u00f5es de ensino e pesquisa.<\/p>\n<p>As professoras contempladas na Uece foram:<br \/>\nAna Cristina Batista dos Santos<br \/>\nCarminda Sandra Brito Salmito Vanderley<br \/>\nDenise Cristina Bomtempo<br \/>\nJane Eire Silva Alencar de Menezes<br \/>\nV\u00e2nia Marilande Ceccatto<\/p>\n<p>De acordo com a pr\u00f3-reitora de P\u00f3s-Gradua\u00e7\u00e3o e Pesquisa, professora Ana Paula Rodrigues, as pesquisadoras desenvolvem projetos inovadores em diferentes \u00e1reas do conhecimento, contribuindo com temas de alto impacto cient\u00edfico e social, e reafirmando o protagonismo das mulheres na ci\u00eancia cearense.<\/p>\n<p>A pr\u00f3-reitora, em nome da Uece, parabeniza as docentes pela conquista e refor\u00e7a o compromisso da PROPGPq com o est\u00edmulo \u00e0 participa\u00e7\u00e3o das mulheres na ci\u00eancia e com a promo\u00e7\u00e3o da excel\u00eancia acad\u00eamica.<\/p>\n<p>\u201cA Uece reitera seu reconhecimento \u00e0 relev\u00e2ncia dessas iniciativas que, al\u00e9m de impulsionarem a produ\u00e7\u00e3o cient\u00edfica qualificada, contribuem para a constru\u00e7\u00e3o de uma universidade mais diversa, equitativa e representativa\u201d, finaliza a professora Ana Paula. &#8211; Fonte: Portal Uece<\/p>\n","protected":false},"excerpt":{"rendered":"<p>A Universidade Estadual do Cear\u00e1 (Uece) celebra a aprova\u00e7\u00e3o de cinco docentes no Edital Funcap n\u00ba 04\/2025 \u2013 Mulheres na Ci\u00eancia, iniciativa voltada ao fortalecimento da produ\u00e7\u00e3o cient\u00edfica desenvolvida por mulheres no Cear\u00e1. A chamada tem como objetivo valorizar trajet\u00f3rias acad\u00eamicas femininas e estimular a equidade de g\u00eanero nas institui\u00e7\u00f5es de ensino e pesquisa. As professoras contempladas na Uece foram: Ana Cristina Batista dos Santos Carminda Sandra Brito Salmito Vanderley Denise Cristina Bomtempo Jane Eire Silva Alencar de Menezes V\u00e2nia Marilande Ceccatto De acordo com a pr\u00f3-reitora de P\u00f3s-Gradua\u00e7\u00e3o e Pesquisa, professora Ana Paula Rodrigues, as pesquisadoras desenvolvem projetos inovadores em diferentes \u00e1reas do conhecimento, contribuindo com temas de alto impacto cient\u00edfico e social, e reafirmando o protagonismo das mulheres na ci\u00eancia cearense. A pr\u00f3-reitora, em nome da Uece, parabeniza as docentes pela conquista e refor\u00e7a o compromisso da PROPGPq com o est\u00edmulo \u00e0 participa\u00e7\u00e3o das mulheres na ci\u00eancia e com a promo\u00e7\u00e3o da excel\u00eancia acad\u00eamica. \u201cA Uece reitera seu reconhecimento \u00e0 relev\u00e2ncia dessas iniciativas que, al\u00e9m de impulsionarem a produ\u00e7\u00e3o cient\u00edfica qualificada, contribuem para a constru\u00e7\u00e3o de uma universidade mais diversa, equitativa e representativa\u201d, finaliza a professora Ana Paula. &#8211; Fonte: Portal Uece<\/p>\n","protected":false},"author":1,"featured_media":2962,"comment_status":"open","ping_status":"open","sticky":false,"template":"","format":"standard","meta":{"_joinchat":[],"footnotes":""},"categories":[5],"tags":[],"class_list":["post-1819","post","type-post","status-publish","format-standard","has-post-thumbnail","hentry","category-destaques"],"_links":{"self":[{"href":"https:\/\/sindesp.org.br\/index.php\/wp-json\/wp\/v2\/posts\/1819","targetHints":{"allow":["GET"]}}],"collection":[{"href":"https:\/\/sindesp.org.br\/index.php\/wp-json\/wp\/v2\/posts"}],"about":[{"href":"https:\/\/sindesp.org.br\/index.php\/wp-json\/wp\/v2\/types\/post"}],"author":[{"embeddable":true,"href":"https:\/\/sindesp.org.br\/index.php\/wp-json\/wp\/v2\/users\/1"}],"replies":[{"embeddable":true,"href":"https:\/\/sindesp.org.br\/index.php\/wp-json\/wp\/v2\/comments?post=1819"}],"version-history":[{"count":1,"href":"https:\/\/sindesp.org.br\/index.php\/wp-json\/wp\/v2\/posts\/1819\/revisions"}],"predecessor-version":[{"id":2946,"href":"https:\/\/sindesp.org.br\/index.php\/wp-json\/wp\/v2\/posts\/1819\/revisions\/2946"}],"wp:featuredmedia":[{"embeddable":true,"href":"https:\/\/sindesp.org.br\/index.php\/wp-json\/wp\/v2\/media\/2962"}],"wp:attachment":[{"href":"https:\/\/sindesp.org.br\/index.php\/wp-json\/wp\/v2\/media?parent=1819"}],"wp:term":[{"taxonomy":"category","embeddable":true,"href":"https:\/\/sindesp.org.br\/index.php\/wp-json\/wp\/v2\/categories?post=1819"},{"taxonomy":"post_tag","embeddable":true,"href":"https:\/\/sindesp.org.br\/index.php\/wp-json\/wp\/v2\/tags?post=1819"}],"curies":[{"name":"wp","href":"https:\/\/api.w.org\/{rel}","templated":true}]}}