{"id":1823,"date":"2025-07-08T12:21:58","date_gmt":"2025-07-08T15:21:58","guid":{"rendered":"https:\/\/digietal.net\/projetos\/?p=1823"},"modified":"2025-09-24T10:21:50","modified_gmt":"2025-09-24T13:21:50","slug":"uva-se-prepara-para-revisar-estatuto-em-congresso-estatuinte","status":"publish","type":"post","link":"https:\/\/sindesp.org.br\/index.php\/2025\/07\/08\/uva-se-prepara-para-revisar-estatuto-em-congresso-estatuinte\/","title":{"rendered":"UVA se prepara para revisar Estatuto em Congresso Estatuinte"},"content":{"rendered":"<p>A Universidade Estadual Vale do Acara\u00fa \u2013 UVA realizar\u00e1, de 07 a 11 de julho de 2025, o Congresso Estatuinte, no campus Bet\u00e2nia, em Sobral. O evento representa um marco hist\u00f3rico para a institui\u00e7\u00e3o, com foco na delibera\u00e7\u00e3o e atualiza\u00e7\u00e3o do Estatuto da Universidade.<\/p>\n<p>O Processo Estatuinte \u00e9 um instrumento consultivo e deliberativo que tem como objetivo revisar e adequar o estatuto da UVA \u00e0s novas demandas da comunidade acad\u00eamica e da sociedade, de forma democr\u00e1tica e participativa. O processo \u00e9 composto por quatro inst\u00e2ncias: Comiss\u00e3o Geral, Unidades Estatuintes, Comiss\u00f5es Setoriais e o Congresso Estatuinte.<\/p>\n<p>O estatuto \u00e9 o documento que estabelece as normas, diretrizes, estrutura e funcionamento de uma institui\u00e7\u00e3o. A atualiza\u00e7\u00e3o desse instrumento, por meio da Estatuinte, permite alinhar a Universidade aos novos contextos acad\u00eamicos, sociais e institucionais, refor\u00e7ando seu compromisso com a excel\u00eancia, a inclus\u00e3o e a inova\u00e7\u00e3o.<\/p>\n<p>Durante o Congresso, temas fundamentais para o presente e o futuro da institui\u00e7\u00e3o ser\u00e3o debatidos com a participa\u00e7\u00e3o de docentes, discentes, servidores t\u00e9cnico-administrativos e demais segmentos da comunidade universit\u00e1ria. A escuta plural e a constru\u00e7\u00e3o coletiva s\u00e3o essenciais para garantir que as decis\u00f5es reflitam os anseios da comunidade e fortale\u00e7am os princ\u00edpios democr\u00e1ticos da Universidade.<\/p>\n<p>A reitora da UVA, professora Izabelle Mont\u2019Alverne, destaca a import\u00e2ncia do momento: \u201cEste \u00e9 um espa\u00e7o democr\u00e1tico em que decis\u00f5es importantes ser\u00e3o discutidas de forma coletiva. Contamos com a presen\u00e7a ativa de professores, servidores e estudantes para construir juntos o futuro da nossa Universidade\u201d, afirma. &#8211; Fonte: Portal Uva<\/p>\n","protected":false},"excerpt":{"rendered":"<p>A Universidade Estadual Vale do Acara\u00fa \u2013 UVA realizar\u00e1, de 07 a 11 de julho de 2025, o Congresso Estatuinte, no campus Bet\u00e2nia, em Sobral. O evento representa um marco hist\u00f3rico para a institui\u00e7\u00e3o, com foco na delibera\u00e7\u00e3o e atualiza\u00e7\u00e3o do Estatuto da Universidade. O Processo Estatuinte \u00e9 um instrumento consultivo e deliberativo que tem como objetivo revisar e adequar o estatuto da UVA \u00e0s novas demandas da comunidade acad\u00eamica e da sociedade, de forma democr\u00e1tica e participativa. O processo \u00e9 composto por quatro inst\u00e2ncias: Comiss\u00e3o Geral, Unidades Estatuintes, Comiss\u00f5es Setoriais e o Congresso Estatuinte. O estatuto \u00e9 o documento que estabelece as normas, diretrizes, estrutura e funcionamento de uma institui\u00e7\u00e3o. A atualiza\u00e7\u00e3o desse instrumento, por meio da Estatuinte, permite alinhar a Universidade aos novos contextos acad\u00eamicos, sociais e institucionais, refor\u00e7ando seu compromisso com a excel\u00eancia, a inclus\u00e3o e a inova\u00e7\u00e3o. Durante o Congresso, temas fundamentais para o presente e o futuro da institui\u00e7\u00e3o ser\u00e3o debatidos com a participa\u00e7\u00e3o de docentes, discentes, servidores t\u00e9cnico-administrativos e demais segmentos da comunidade universit\u00e1ria. A escuta plural e a constru\u00e7\u00e3o coletiva s\u00e3o essenciais para garantir que as decis\u00f5es reflitam os anseios da comunidade e fortale\u00e7am os princ\u00edpios democr\u00e1ticos da Universidade. A reitora da UVA, professora Izabelle Mont\u2019Alverne, destaca a import\u00e2ncia do momento: \u201cEste \u00e9 um espa\u00e7o democr\u00e1tico em que decis\u00f5es importantes ser\u00e3o discutidas de forma coletiva. Contamos com a presen\u00e7a ativa de professores, servidores e estudantes para construir juntos o futuro da nossa Universidade\u201d, afirma. &#8211; Fonte: Portal Uva<\/p>\n","protected":false},"author":1,"featured_media":2371,"comment_status":"open","ping_status":"open","sticky":false,"template":"","format":"standard","meta":{"_joinchat":[],"footnotes":""},"categories":[5],"tags":[],"class_list":["post-1823","post","type-post","status-publish","format-standard","has-post-thumbnail","hentry","category-destaques"],"_links":{"self":[{"href":"https:\/\/sindesp.org.br\/index.php\/wp-json\/wp\/v2\/posts\/1823","targetHints":{"allow":["GET"]}}],"collection":[{"href":"https:\/\/sindesp.org.br\/index.php\/wp-json\/wp\/v2\/posts"}],"about":[{"href":"https:\/\/sindesp.org.br\/index.php\/wp-json\/wp\/v2\/types\/post"}],"author":[{"embeddable":true,"href":"https:\/\/sindesp.org.br\/index.php\/wp-json\/wp\/v2\/users\/1"}],"replies":[{"embeddable":true,"href":"https:\/\/sindesp.org.br\/index.php\/wp-json\/wp\/v2\/comments?post=1823"}],"version-history":[{"count":1,"href":"https:\/\/sindesp.org.br\/index.php\/wp-json\/wp\/v2\/posts\/1823\/revisions"}],"predecessor-version":[{"id":2808,"href":"https:\/\/sindesp.org.br\/index.php\/wp-json\/wp\/v2\/posts\/1823\/revisions\/2808"}],"wp:featuredmedia":[{"embeddable":true,"href":"https:\/\/sindesp.org.br\/index.php\/wp-json\/wp\/v2\/media\/2371"}],"wp:attachment":[{"href":"https:\/\/sindesp.org.br\/index.php\/wp-json\/wp\/v2\/media?parent=1823"}],"wp:term":[{"taxonomy":"category","embeddable":true,"href":"https:\/\/sindesp.org.br\/index.php\/wp-json\/wp\/v2\/categories?post=1823"},{"taxonomy":"post_tag","embeddable":true,"href":"https:\/\/sindesp.org.br\/index.php\/wp-json\/wp\/v2\/tags?post=1823"}],"curies":[{"name":"wp","href":"https:\/\/api.w.org\/{rel}","templated":true}]}}