{"id":2034,"date":"2025-09-23T11:58:18","date_gmt":"2025-09-23T14:58:18","guid":{"rendered":"https:\/\/sindesp.org.br\/?p=2034"},"modified":"2025-09-23T12:45:46","modified_gmt":"2025-09-23T15:45:46","slug":"sindicato-dos-docentes-e-reitoria-da-urca-se-reunem-para-fortalecer-parcerias-institucionais","status":"publish","type":"post","link":"https:\/\/sindesp.org.br\/index.php\/2025\/09\/23\/sindicato-dos-docentes-e-reitoria-da-urca-se-reunem-para-fortalecer-parcerias-institucionais\/","title":{"rendered":"Sindicato dos Docentes e Reitoria da URCA se re\u00fanem para fortalecer parcerias institucionais"},"content":{"rendered":"<p>Juazeiro do Norte, Setembro\/2025 \u2013 A diretoria do Sindicato dos Docentes de Ensino Superior P\u00fablico (SINDESP\/CE) realizou uma importante reuni\u00e3o com a gest\u00e3o da Universidade Regional do Cariri (URCA) nesta semana. O encontro, ocorrido na Reitoria da universidade, teve como principal objetivo fortalecer o di\u00e1logo institucional e alinhar pautas de interesse comum, como a valoriza\u00e7\u00e3o do corpo docente e a defesa do ensino superior p\u00fablico na regi\u00e3o.<\/p>\n<p>Estiveram presentes na reuni\u00e3o o presidente do SINDESP\/CE, Professor In\u00e1cio, e a secret\u00e1ria da sede do sindicato, Denise Martins. Pela administra\u00e7\u00e3o da URCA, participaram o reitor, Professor Carlos Kleber Nascimento, o vice-presidente regional, Professor Gilvan Luiz de Melo, e a Professora Alice Maria do Socorro Vieira.<\/p>\n<p>Durante a conversa, os representantes debateram estrat\u00e9gias para a coopera\u00e7\u00e3o m\u00fatua em prol da melhoria das condi\u00e7\u00f5es de trabalho e do fortalecimento das atividades de ensino, pesquisa e extens\u00e3o.<\/p>\n<p>A iniciativa \u00e9 vista como um passo fundamental para construir caminhos de colabora\u00e7\u00e3o que beneficiem n\u00e3o apenas a comunidade acad\u00eamica, mas tamb\u00e9m contribuam para o desenvolvimento social da regi\u00e3o do Cariri. O encontro reafirma o compromisso de ambas as institui\u00e7\u00f5es em trabalhar de forma integrada por uma educa\u00e7\u00e3o p\u00fablica de qualidade e excel\u00eancia.<\/p>\n<p>Fonte: Comunica\u00e7\u00e3o e Cultura SINDESP\/CE<\/p>\n","protected":false},"excerpt":{"rendered":"<p>Juazeiro do Norte, Setembro\/2025 \u2013 A diretoria do Sindicato dos Docentes de Ensino Superior P\u00fablico (SINDESP\/CE) realizou uma importante reuni\u00e3o com a gest\u00e3o da Universidade Regional do Cariri (URCA) nesta semana. O encontro, ocorrido na Reitoria da universidade, teve como principal objetivo fortalecer o di\u00e1logo institucional e alinhar pautas de interesse comum, como a valoriza\u00e7\u00e3o do corpo docente e a defesa do ensino superior p\u00fablico na regi\u00e3o. Estiveram presentes na reuni\u00e3o o presidente do SINDESP\/CE, Professor In\u00e1cio, e a secret\u00e1ria da sede do sindicato, Denise Martins. Pela administra\u00e7\u00e3o da URCA, participaram o reitor, Professor Carlos Kleber Nascimento, o vice-presidente regional, Professor Gilvan Luiz de Melo, e a Professora Alice Maria do Socorro Vieira. Durante a conversa, os representantes debateram estrat\u00e9gias para a coopera\u00e7\u00e3o m\u00fatua em prol da melhoria das condi\u00e7\u00f5es de trabalho e do fortalecimento das atividades de ensino, pesquisa e extens\u00e3o. A iniciativa \u00e9 vista como um passo fundamental para construir caminhos de colabora\u00e7\u00e3o que beneficiem n\u00e3o apenas a comunidade acad\u00eamica, mas tamb\u00e9m contribuam para o desenvolvimento social da regi\u00e3o do Cariri. O encontro reafirma o compromisso de ambas as institui\u00e7\u00f5es em trabalhar de forma integrada por uma educa\u00e7\u00e3o p\u00fablica de qualidade e excel\u00eancia. Fonte: Comunica\u00e7\u00e3o e Cultura SINDESP\/CE<\/p>\n","protected":false},"author":1,"featured_media":2035,"comment_status":"open","ping_status":"open","sticky":false,"template":"","format":"standard","meta":{"_joinchat":[],"footnotes":""},"categories":[8],"tags":[],"class_list":["post-2034","post","type-post","status-publish","format-standard","has-post-thumbnail","hentry","category-noticia"],"_links":{"self":[{"href":"https:\/\/sindesp.org.br\/index.php\/wp-json\/wp\/v2\/posts\/2034","targetHints":{"allow":["GET"]}}],"collection":[{"href":"https:\/\/sindesp.org.br\/index.php\/wp-json\/wp\/v2\/posts"}],"about":[{"href":"https:\/\/sindesp.org.br\/index.php\/wp-json\/wp\/v2\/types\/post"}],"author":[{"embeddable":true,"href":"https:\/\/sindesp.org.br\/index.php\/wp-json\/wp\/v2\/users\/1"}],"replies":[{"embeddable":true,"href":"https:\/\/sindesp.org.br\/index.php\/wp-json\/wp\/v2\/comments?post=2034"}],"version-history":[{"count":1,"href":"https:\/\/sindesp.org.br\/index.php\/wp-json\/wp\/v2\/posts\/2034\/revisions"}],"predecessor-version":[{"id":2036,"href":"https:\/\/sindesp.org.br\/index.php\/wp-json\/wp\/v2\/posts\/2034\/revisions\/2036"}],"wp:featuredmedia":[{"embeddable":true,"href":"https:\/\/sindesp.org.br\/index.php\/wp-json\/wp\/v2\/media\/2035"}],"wp:attachment":[{"href":"https:\/\/sindesp.org.br\/index.php\/wp-json\/wp\/v2\/media?parent=2034"}],"wp:term":[{"taxonomy":"category","embeddable":true,"href":"https:\/\/sindesp.org.br\/index.php\/wp-json\/wp\/v2\/categories?post=2034"},{"taxonomy":"post_tag","embeddable":true,"href":"https:\/\/sindesp.org.br\/index.php\/wp-json\/wp\/v2\/tags?post=2034"}],"curies":[{"name":"wp","href":"https:\/\/api.w.org\/{rel}","templated":true}]}}