{"id":2037,"date":"2025-09-23T12:00:43","date_gmt":"2025-09-23T15:00:43","guid":{"rendered":"https:\/\/sindesp.org.br\/?p=2037"},"modified":"2025-09-23T12:45:36","modified_gmt":"2025-09-23T15:45:36","slug":"sindesp-ce-reinaugura-espaco-e-anuncia-nova-fase-de-fortalecimento-para-associados","status":"publish","type":"post","link":"https:\/\/sindesp.org.br\/index.php\/2025\/09\/23\/sindesp-ce-reinaugura-espaco-e-anuncia-nova-fase-de-fortalecimento-para-associados\/","title":{"rendered":"Sindesp \/CE Reinaugura Espa\u00e7o e Anuncia Nova Fase de Fortalecimento para Associados"},"content":{"rendered":"<p>Em um evento que uniu lideran\u00e7as, associados e convidados, o Sindicato dos Docentes de Ensino Superior P\u00fablico (SINDESP\/CE) celebrou, na \u00faltima sexta-feira (19-09-2025), a reinaugura\u00e7\u00e3o de sua sede. A manh\u00e3 foi marcada por um clima de otimismo e congrega\u00e7\u00e3o, simbolizando o in\u00edcio de uma nova era para a institui\u00e7\u00e3o, focada na amplia\u00e7\u00e3o de benef\u00edcios e no fortalecimento da categoria.<\/p>\n<p>O evento de reinaugura\u00e7\u00e3o representa um marco na trajet\u00f3ria do sindicato, que busca, com a moderniza\u00e7\u00e3o de seus espa\u00e7os, oferecer um suporte ainda mais robusto e eficiente aos seus membros. As novas instala\u00e7\u00f5es foram projetadas para facilitar a intera\u00e7\u00e3o, promover networking e abrigar futuras iniciativas, como cursos, palestras e reuni\u00f5es estrat\u00e9gicas para o sindicato.<\/p>\n<p>Em comunicado, a diretoria do Sindesp-CE ressaltou que a renova\u00e7\u00e3o do espa\u00e7o f\u00edsico \u00e9 um reflexo do compromisso da nova gest\u00e3o na valoriza\u00e7\u00e3o de cada associado. &#8220;Esta reinaugura\u00e7\u00e3o \u00e9 apenas o come\u00e7o de uma nova etapa, constru\u00edda com dedica\u00e7\u00e3o e pensando em cada um de voc\u00eas&#8221;, afirmou o Prof. In\u00e1cio de Loyola (Presidente Sindesp\/CE). O sindicato destacou ainda que a nova estrutura \u00e9 parte de uma estrat\u00e9gia maior que inclui a prospec\u00e7\u00e3o de novas parcerias e a amplia\u00e7\u00e3o da cartela de benef\u00edcios oferecidos.<\/p>\n<p>A cerim\u00f4nia de reabertura foi tamb\u00e9m um momento de reencontro para muitos profissionais do setor, que puderam celebrar as conquistas e alinhar expectativas para os desafios futuros. A mensagem de uni\u00e3o e for\u00e7a foi o tom predominante nos discursos e nas conversas entre os presentes.<\/p>\n<p>O Sindesp-CE reafirmou seu prop\u00f3sito de seguir atuando firmemente na defesa dos interesses de seus associados. &#8220;Obrigado a todos que fizeram parte desse momento t\u00e3o significativo. Vamos juntos, sempre mais fortes!&#8221;, projetando um futuro de colabora\u00e7\u00e3o e crescimento m\u00fatuo.<\/p>\n<p>Fonte: Comunica\u00e7\u00e3o e Cultura SINDESP\/CE<\/p>\n","protected":false},"excerpt":{"rendered":"<p>Em um evento que uniu lideran\u00e7as, associados e convidados, o Sindicato dos Docentes de Ensino Superior P\u00fablico (SINDESP\/CE) celebrou, na \u00faltima sexta-feira (19-09-2025), a reinaugura\u00e7\u00e3o de sua sede. A manh\u00e3 foi marcada por um clima de otimismo e congrega\u00e7\u00e3o, simbolizando o in\u00edcio de uma nova era para a institui\u00e7\u00e3o, focada na amplia\u00e7\u00e3o de benef\u00edcios e no fortalecimento da categoria. O evento de reinaugura\u00e7\u00e3o representa um marco na trajet\u00f3ria do sindicato, que busca, com a moderniza\u00e7\u00e3o de seus espa\u00e7os, oferecer um suporte ainda mais robusto e eficiente aos seus membros. As novas instala\u00e7\u00f5es foram projetadas para facilitar a intera\u00e7\u00e3o, promover networking e abrigar futuras iniciativas, como cursos, palestras e reuni\u00f5es estrat\u00e9gicas para o sindicato. Em comunicado, a diretoria do Sindesp-CE ressaltou que a renova\u00e7\u00e3o do espa\u00e7o f\u00edsico \u00e9 um reflexo do compromisso da nova gest\u00e3o na valoriza\u00e7\u00e3o de cada associado. &#8220;Esta reinaugura\u00e7\u00e3o \u00e9 apenas o come\u00e7o de uma nova etapa, constru\u00edda com dedica\u00e7\u00e3o e pensando em cada um de voc\u00eas&#8221;, afirmou o Prof. In\u00e1cio de Loyola (Presidente Sindesp\/CE). O sindicato destacou ainda que a nova estrutura \u00e9 parte de uma estrat\u00e9gia maior que inclui a prospec\u00e7\u00e3o de novas parcerias e a amplia\u00e7\u00e3o da cartela de benef\u00edcios oferecidos. A cerim\u00f4nia de reabertura foi tamb\u00e9m um momento de reencontro para muitos profissionais do setor, que puderam celebrar as conquistas e alinhar expectativas para os desafios futuros. A mensagem de uni\u00e3o e for\u00e7a foi o tom predominante nos discursos e nas conversas entre os presentes. O Sindesp-CE reafirmou seu prop\u00f3sito de seguir atuando firmemente na defesa dos interesses de seus associados. &#8220;Obrigado a todos que fizeram parte desse momento t\u00e3o significativo. Vamos juntos, sempre mais fortes!&#8221;, projetando um futuro de colabora\u00e7\u00e3o e crescimento m\u00fatuo. Fonte: Comunica\u00e7\u00e3o e Cultura SINDESP\/CE<\/p>\n","protected":false},"author":1,"featured_media":2039,"comment_status":"open","ping_status":"open","sticky":false,"template":"","format":"standard","meta":{"_joinchat":[],"footnotes":""},"categories":[8],"tags":[],"class_list":["post-2037","post","type-post","status-publish","format-standard","has-post-thumbnail","hentry","category-noticia"],"_links":{"self":[{"href":"https:\/\/sindesp.org.br\/index.php\/wp-json\/wp\/v2\/posts\/2037","targetHints":{"allow":["GET"]}}],"collection":[{"href":"https:\/\/sindesp.org.br\/index.php\/wp-json\/wp\/v2\/posts"}],"about":[{"href":"https:\/\/sindesp.org.br\/index.php\/wp-json\/wp\/v2\/types\/post"}],"author":[{"embeddable":true,"href":"https:\/\/sindesp.org.br\/index.php\/wp-json\/wp\/v2\/users\/1"}],"replies":[{"embeddable":true,"href":"https:\/\/sindesp.org.br\/index.php\/wp-json\/wp\/v2\/comments?post=2037"}],"version-history":[{"count":1,"href":"https:\/\/sindesp.org.br\/index.php\/wp-json\/wp\/v2\/posts\/2037\/revisions"}],"predecessor-version":[{"id":2041,"href":"https:\/\/sindesp.org.br\/index.php\/wp-json\/wp\/v2\/posts\/2037\/revisions\/2041"}],"wp:featuredmedia":[{"embeddable":true,"href":"https:\/\/sindesp.org.br\/index.php\/wp-json\/wp\/v2\/media\/2039"}],"wp:attachment":[{"href":"https:\/\/sindesp.org.br\/index.php\/wp-json\/wp\/v2\/media?parent=2037"}],"wp:term":[{"taxonomy":"category","embeddable":true,"href":"https:\/\/sindesp.org.br\/index.php\/wp-json\/wp\/v2\/categories?post=2037"},{"taxonomy":"post_tag","embeddable":true,"href":"https:\/\/sindesp.org.br\/index.php\/wp-json\/wp\/v2\/tags?post=2037"}],"curies":[{"name":"wp","href":"https:\/\/api.w.org\/{rel}","templated":true}]}}