{"id":2935,"date":"2025-09-24T16:20:39","date_gmt":"2025-09-24T19:20:39","guid":{"rendered":"https:\/\/sindesp.org.br\/?p=2935"},"modified":"2025-09-24T16:21:19","modified_gmt":"2025-09-24T19:21:19","slug":"uva-participou-da-icid-2025","status":"publish","type":"post","link":"https:\/\/sindesp.org.br\/index.php\/2025\/09\/24\/uva-participou-da-icid-2025\/","title":{"rendered":"UVA participou da ICID\u00a02025"},"content":{"rendered":"<p>A Universidade Estadual Vale do Acara\u00fa (UVA) participou da 3\u00aa Confer\u00eancia Internacional sobre Clima e Desenvolvimento em Regi\u00f5es Semi\u00e1ridas (ICID 2025), realizada de 15 a 19 de setembro, no Centro de Eventos do Cear\u00e1, em Fortaleza. O encontro internacional, que antecedeu a COP 30, reuniu autoridades, especialistas e pesquisadores para debater estrat\u00e9gias de adapta\u00e7\u00e3o \u00e0s mudan\u00e7as clim\u00e1ticas em regi\u00f5es \u00e1ridas\u00a0e\u00a0semi\u00e1ridas.<\/p>\n<p>No dia 15 de setembro, durante a programa\u00e7\u00e3o da ICID 2025, ocorreu a Reuni\u00e3o do Conselho de Reitores e Reitoras das Universidades do Cear\u00e1, com o objetivo de compartilhar e dialogar sobre a\u00e7\u00f5es de pesquisa e extens\u00e3o voltadas ao desenvolvimento sustent\u00e1vel nos territ\u00f3rios de atua\u00e7\u00e3o das Institui\u00e7\u00f5es de Ensino Superior (IES). Estiveram presentes vice-reitores, reitores, professores e professoras da UFC, UVA, IFCE, URCA,\u00a0UNILAB\u00a0e\u00a0UECE.<\/p>\n<p>Fonte: <a href=\"https:\/\/www.uva.ce.gov.br\/\">www.uva.ce.gov.br<\/a><\/p>\n","protected":false},"excerpt":{"rendered":"<p>A Universidade Estadual Vale do Acara\u00fa (UVA) participou da 3\u00aa Confer\u00eancia Internacional sobre Clima e Desenvolvimento em Regi\u00f5es Semi\u00e1ridas (ICID 2025), realizada de 15 a 19 de setembro, no Centro de Eventos do Cear\u00e1, em Fortaleza. O encontro internacional, que antecedeu a COP 30, reuniu autoridades, especialistas e pesquisadores para debater estrat\u00e9gias de adapta\u00e7\u00e3o \u00e0s mudan\u00e7as clim\u00e1ticas em regi\u00f5es \u00e1ridas\u00a0e\u00a0semi\u00e1ridas. No dia 15 de setembro, durante a programa\u00e7\u00e3o da ICID 2025, ocorreu a Reuni\u00e3o do Conselho de Reitores e Reitoras das Universidades do Cear\u00e1, com o objetivo de compartilhar e dialogar sobre a\u00e7\u00f5es de pesquisa e extens\u00e3o voltadas ao desenvolvimento sustent\u00e1vel nos territ\u00f3rios de atua\u00e7\u00e3o das Institui\u00e7\u00f5es de Ensino Superior (IES). Estiveram presentes vice-reitores, reitores, professores e professoras da UFC, UVA, IFCE, URCA,\u00a0UNILAB\u00a0e\u00a0UECE. Fonte: www.uva.ce.gov.br<\/p>\n","protected":false},"author":1,"featured_media":2937,"comment_status":"open","ping_status":"open","sticky":false,"template":"","format":"standard","meta":{"_joinchat":[],"footnotes":""},"categories":[5],"tags":[],"class_list":["post-2935","post","type-post","status-publish","format-standard","has-post-thumbnail","hentry","category-destaques"],"_links":{"self":[{"href":"https:\/\/sindesp.org.br\/index.php\/wp-json\/wp\/v2\/posts\/2935","targetHints":{"allow":["GET"]}}],"collection":[{"href":"https:\/\/sindesp.org.br\/index.php\/wp-json\/wp\/v2\/posts"}],"about":[{"href":"https:\/\/sindesp.org.br\/index.php\/wp-json\/wp\/v2\/types\/post"}],"author":[{"embeddable":true,"href":"https:\/\/sindesp.org.br\/index.php\/wp-json\/wp\/v2\/users\/1"}],"replies":[{"embeddable":true,"href":"https:\/\/sindesp.org.br\/index.php\/wp-json\/wp\/v2\/comments?post=2935"}],"version-history":[{"count":1,"href":"https:\/\/sindesp.org.br\/index.php\/wp-json\/wp\/v2\/posts\/2935\/revisions"}],"predecessor-version":[{"id":2936,"href":"https:\/\/sindesp.org.br\/index.php\/wp-json\/wp\/v2\/posts\/2935\/revisions\/2936"}],"wp:featuredmedia":[{"embeddable":true,"href":"https:\/\/sindesp.org.br\/index.php\/wp-json\/wp\/v2\/media\/2937"}],"wp:attachment":[{"href":"https:\/\/sindesp.org.br\/index.php\/wp-json\/wp\/v2\/media?parent=2935"}],"wp:term":[{"taxonomy":"category","embeddable":true,"href":"https:\/\/sindesp.org.br\/index.php\/wp-json\/wp\/v2\/categories?post=2935"},{"taxonomy":"post_tag","embeddable":true,"href":"https:\/\/sindesp.org.br\/index.php\/wp-json\/wp\/v2\/tags?post=2935"}],"curies":[{"name":"wp","href":"https:\/\/api.w.org\/{rel}","templated":true}]}}