{"id":2938,"date":"2025-09-24T16:23:01","date_gmt":"2025-09-24T19:23:01","guid":{"rendered":"https:\/\/sindesp.org.br\/?p=2938"},"modified":"2025-09-24T16:23:01","modified_gmt":"2025-09-24T19:23:01","slug":"o-conselho-de-ensino-pesquisa-e-extensao-cepe-da-universidade-estadual-vale-do-acarau-uva-se-reuniu-em-assembleia-ordinaria-e-aprovou-por-unanimidade-a-minuta-que-autoriza-a-criacao-dos-cursos","status":"publish","type":"post","link":"https:\/\/sindesp.org.br\/index.php\/2025\/09\/24\/o-conselho-de-ensino-pesquisa-e-extensao-cepe-da-universidade-estadual-vale-do-acarau-uva-se-reuniu-em-assembleia-ordinaria-e-aprovou-por-unanimidade-a-minuta-que-autoriza-a-criacao-dos-cursos\/","title":{"rendered":"O Conselho de Ensino, Pesquisa e Extens\u00e3o (CEPE) da Universidade Estadual Vale do Acara\u00fa (UVA) se reuniu em assembleia ordin\u00e1ria e aprovou, por unanimidade, a minuta que autoriza a cria\u00e7\u00e3o dos cursos de Medicina\u00a0e\u00a0Psicologia."},"content":{"rendered":"<p>\u201cOs novos cursos representam um avan\u00e7o hist\u00f3rico para a UVA e para a regi\u00e3o Norte do Cear\u00e1, ampliando a forma\u00e7\u00e3o de profissionais da sa\u00fade e fortalecendo o compromisso da universidade com o desenvolvimento regional.\u201d, pontua a professora Doutora Izabelle Mont\u2019Alverne, presidente do CEPE e\u00a0reitora\u00a0da\u00a0UVA.<br \/>\nO momento contou ainda com a presen\u00e7a dos Conselheiros e do qu\u00f3rum legal exigido, consolidando a sess\u00e3o como hist\u00f3rica na expans\u00e3o da educa\u00e7\u00e3o superior\u00a0no\u00a0Estado.<\/p>\n<p>Fonte: www.uva.ce.gov.br\/<\/p>\n","protected":false},"excerpt":{"rendered":"<p>\u201cOs novos cursos representam um avan\u00e7o hist\u00f3rico para a UVA e para a regi\u00e3o Norte do Cear\u00e1, ampliando a forma\u00e7\u00e3o de profissionais da sa\u00fade e fortalecendo o compromisso da universidade com o desenvolvimento regional.\u201d, pontua a professora Doutora Izabelle Mont\u2019Alverne, presidente do CEPE e\u00a0reitora\u00a0da\u00a0UVA. O momento contou ainda com a presen\u00e7a dos Conselheiros e do qu\u00f3rum legal exigido, consolidando a sess\u00e3o como hist\u00f3rica na expans\u00e3o da educa\u00e7\u00e3o superior\u00a0no\u00a0Estado. Fonte: www.uva.ce.gov.br\/<\/p>\n","protected":false},"author":1,"featured_media":2939,"comment_status":"open","ping_status":"open","sticky":false,"template":"","format":"standard","meta":{"_joinchat":[],"footnotes":""},"categories":[5],"tags":[],"class_list":["post-2938","post","type-post","status-publish","format-standard","has-post-thumbnail","hentry","category-destaques"],"_links":{"self":[{"href":"https:\/\/sindesp.org.br\/index.php\/wp-json\/wp\/v2\/posts\/2938","targetHints":{"allow":["GET"]}}],"collection":[{"href":"https:\/\/sindesp.org.br\/index.php\/wp-json\/wp\/v2\/posts"}],"about":[{"href":"https:\/\/sindesp.org.br\/index.php\/wp-json\/wp\/v2\/types\/post"}],"author":[{"embeddable":true,"href":"https:\/\/sindesp.org.br\/index.php\/wp-json\/wp\/v2\/users\/1"}],"replies":[{"embeddable":true,"href":"https:\/\/sindesp.org.br\/index.php\/wp-json\/wp\/v2\/comments?post=2938"}],"version-history":[{"count":1,"href":"https:\/\/sindesp.org.br\/index.php\/wp-json\/wp\/v2\/posts\/2938\/revisions"}],"predecessor-version":[{"id":2940,"href":"https:\/\/sindesp.org.br\/index.php\/wp-json\/wp\/v2\/posts\/2938\/revisions\/2940"}],"wp:featuredmedia":[{"embeddable":true,"href":"https:\/\/sindesp.org.br\/index.php\/wp-json\/wp\/v2\/media\/2939"}],"wp:attachment":[{"href":"https:\/\/sindesp.org.br\/index.php\/wp-json\/wp\/v2\/media?parent=2938"}],"wp:term":[{"taxonomy":"category","embeddable":true,"href":"https:\/\/sindesp.org.br\/index.php\/wp-json\/wp\/v2\/categories?post=2938"},{"taxonomy":"post_tag","embeddable":true,"href":"https:\/\/sindesp.org.br\/index.php\/wp-json\/wp\/v2\/tags?post=2938"}],"curies":[{"name":"wp","href":"https:\/\/api.w.org\/{rel}","templated":true}]}}