{"id":3379,"date":"2025-09-26T12:46:24","date_gmt":"2025-09-26T15:46:24","guid":{"rendered":"https:\/\/sindesp.org.br\/?p=3379"},"modified":"2025-09-26T12:46:24","modified_gmt":"2025-09-26T15:46:24","slug":"shoppings-prohospital-material-medico-hospitalar","status":"publish","type":"post","link":"https:\/\/sindesp.org.br\/index.php\/2025\/09\/26\/shoppings-prohospital-material-medico-hospitalar\/","title":{"rendered":"Shoppings Prohospital Material M\u00e9dico Hospitalar"},"content":{"rendered":"<p style=\"text-align: center;\"><img fetchpriority=\"high\" decoding=\"async\" class=\"size-medium wp-image-3380 aligncenter\" src=\"https:\/\/sindesp.org.br\/wp-content\/uploads\/2025\/09\/366436426_2046132222446402_4993536264204231225_n-300x300.jpg\" alt=\"\" width=\"300\" height=\"300\" srcset=\"https:\/\/sindesp.org.br\/wp-content\/uploads\/2025\/09\/366436426_2046132222446402_4993536264204231225_n-300x300.jpg 300w, https:\/\/sindesp.org.br\/wp-content\/uploads\/2025\/09\/366436426_2046132222446402_4993536264204231225_n-1024x1024.jpg 1024w, https:\/\/sindesp.org.br\/wp-content\/uploads\/2025\/09\/366436426_2046132222446402_4993536264204231225_n-150x150.jpg 150w, https:\/\/sindesp.org.br\/wp-content\/uploads\/2025\/09\/366436426_2046132222446402_4993536264204231225_n-768x768.jpg 768w, https:\/\/sindesp.org.br\/wp-content\/uploads\/2025\/09\/366436426_2046132222446402_4993536264204231225_n-600x600.jpg 600w, https:\/\/sindesp.org.br\/wp-content\/uploads\/2025\/09\/366436426_2046132222446402_4993536264204231225_n-100x100.jpg 100w, https:\/\/sindesp.org.br\/wp-content\/uploads\/2025\/09\/366436426_2046132222446402_4993536264204231225_n.jpg 1080w\" sizes=\"(max-width: 300px) 100vw, 300px\" \/><br \/>\nEndere\u00e7os:<br \/>\nRua: Bar\u00e3o do Rio Branco, em frente ao IJF., no Centro<br \/>\nRua: Prof. Costa Mendes, 1627 &#8211; Rodolfo Te\u00f3filo;<br \/>\nAv. Jo\u00e3o de Ara\u00fajo Lima, 1180 &#8211; Pref. Jos\u00e9 Walter;<br \/>\nAv. Bezerra de Menezes, 373 &#8211; Farias Brito;<br \/>\nAv. Treze de Maio, 910 \u2013 F\u00e1tima;<br \/>\nAv. Des. Moreira, 1337 &#8211; Aldeota,<br \/>\nAv. Oliveira Paiva, 2875 &#8211; Cidade dos Funcion\u00e1rios;<br \/>\nRua: Manuel Castelo Branco, 399 \u2013 Messejana;<br \/>\nRua: Rodovia CE 040 KM 05, 2152 &#8211; Amador, Eus\u00e9bio \u2013 CE;<br \/>\nAv. Visconde do Rio Branco, 3751 &#8211; S\u00e3o Jo\u00e3o do Tauape;<br \/>\nAv. Capit\u00e3o Hugo Bezerra, 181 \u2013 Barroso;<br \/>\nAv. Washington Soares, 210 &#8211; Edson Queiroz,<br \/>\nAv. Bar\u00e3o de Studart, 706 \u2013 Meireles;<br \/>\nRua: Ant\u00f4nio Augusto, 1180B \u2013 Aldeota;<br \/>\nAv. Frei Cirilo, no 3501 &#8211; Loja 04 \u2013 Messejana;<br \/>\nAv. Senador Virg\u00edlio T\u00e1vora, 1085 A \u2013 Aldeota;<br \/>\nLoja Sobral<br \/>\nAv.\u00a0Dom Jos\u00e9, 2317, no bairro Centro, em Sobral, Cear\u00e1.<br \/>\nLoja Crato<br \/>\nAv. Teodorico Teles, 120 &#8211; Loja 02 &#8211; Centro, Crato-Ce;<br \/>\nLojas Juazeiro do Norte<br \/>\nAv. Padre C\u00edcero, 2744 &#8211; Tri\u00e2ngulo, Juazeiro do Norte \u2013 Ce;<br \/>\nAv. Padre C\u00edcero, 2764 &#8211; Tri\u00e2ngulo, Juazeiro do Norte \u2013 Ce;<br \/>\n\u00c1reas atendidas:<br \/>\nMiss\u00e3o Velha\u00a0e as proximidades<\/p>\n","protected":false},"excerpt":{"rendered":"<p>Endere\u00e7os: Rua: Bar\u00e3o do Rio Branco, em frente ao IJF., no Centro Rua: Prof. Costa Mendes, 1627 &#8211; Rodolfo Te\u00f3filo; Av. Jo\u00e3o de Ara\u00fajo Lima, 1180 &#8211; Pref. Jos\u00e9 Walter; Av. Bezerra de Menezes, 373 &#8211; Farias Brito; Av. Treze de Maio, 910 \u2013 F\u00e1tima; Av. Des. Moreira, 1337 &#8211; Aldeota, Av. Oliveira Paiva, 2875 &#8211; Cidade dos Funcion\u00e1rios; Rua: Manuel Castelo Branco, 399 \u2013 Messejana; Rua: Rodovia CE 040 KM 05, 2152 &#8211; Amador, Eus\u00e9bio \u2013 CE; Av. Visconde do Rio Branco, 3751 &#8211; S\u00e3o Jo\u00e3o do Tauape; Av. Capit\u00e3o Hugo Bezerra, 181 \u2013 Barroso; Av. Washington Soares, 210 &#8211; Edson Queiroz, Av. Bar\u00e3o de Studart, 706 \u2013 Meireles; Rua: Ant\u00f4nio Augusto, 1180B \u2013 Aldeota; Av. Frei Cirilo, no 3501 &#8211; Loja 04 \u2013 Messejana; Av. Senador Virg\u00edlio T\u00e1vora, 1085 A \u2013 Aldeota; Loja Sobral Av.\u00a0Dom Jos\u00e9, 2317, no bairro Centro, em Sobral, Cear\u00e1. Loja Crato Av. Teodorico Teles, 120 &#8211; Loja 02 &#8211; Centro, Crato-Ce; Lojas Juazeiro do Norte Av. Padre C\u00edcero, 2744 &#8211; Tri\u00e2ngulo, Juazeiro do Norte \u2013 Ce; Av. Padre C\u00edcero, 2764 &#8211; Tri\u00e2ngulo, Juazeiro do Norte \u2013 Ce; \u00c1reas atendidas: Miss\u00e3o Velha\u00a0e as proximidades<\/p>\n","protected":false},"author":1,"featured_media":0,"comment_status":"open","ping_status":"open","sticky":false,"template":"","format":"standard","meta":{"_joinchat":[],"footnotes":""},"categories":[35],"tags":[],"class_list":["post-3379","post","type-post","status-publish","format-standard","hentry","category-beneficios"],"_links":{"self":[{"href":"https:\/\/sindesp.org.br\/index.php\/wp-json\/wp\/v2\/posts\/3379","targetHints":{"allow":["GET"]}}],"collection":[{"href":"https:\/\/sindesp.org.br\/index.php\/wp-json\/wp\/v2\/posts"}],"about":[{"href":"https:\/\/sindesp.org.br\/index.php\/wp-json\/wp\/v2\/types\/post"}],"author":[{"embeddable":true,"href":"https:\/\/sindesp.org.br\/index.php\/wp-json\/wp\/v2\/users\/1"}],"replies":[{"embeddable":true,"href":"https:\/\/sindesp.org.br\/index.php\/wp-json\/wp\/v2\/comments?post=3379"}],"version-history":[{"count":1,"href":"https:\/\/sindesp.org.br\/index.php\/wp-json\/wp\/v2\/posts\/3379\/revisions"}],"predecessor-version":[{"id":3381,"href":"https:\/\/sindesp.org.br\/index.php\/wp-json\/wp\/v2\/posts\/3379\/revisions\/3381"}],"wp:attachment":[{"href":"https:\/\/sindesp.org.br\/index.php\/wp-json\/wp\/v2\/media?parent=3379"}],"wp:term":[{"taxonomy":"category","embeddable":true,"href":"https:\/\/sindesp.org.br\/index.php\/wp-json\/wp\/v2\/categories?post=3379"},{"taxonomy":"post_tag","embeddable":true,"href":"https:\/\/sindesp.org.br\/index.php\/wp-json\/wp\/v2\/tags?post=3379"}],"curies":[{"name":"wp","href":"https:\/\/api.w.org\/{rel}","templated":true}]}}