{"id":3869,"date":"2025-09-30T14:51:25","date_gmt":"2025-09-30T17:51:25","guid":{"rendered":"https:\/\/sindesp.org.br\/?p=3869"},"modified":"2025-10-01T15:11:40","modified_gmt":"2025-10-01T18:11:40","slug":"sindesp-ceara-36-anos-de-historia-e-conquista","status":"publish","type":"post","link":"https:\/\/sindesp.org.br\/index.php\/2025\/09\/30\/sindesp-ceara-36-anos-de-historia-e-conquista\/","title":{"rendered":"Sindesp Cear\u00e1: 36 anos de hist\u00f3ria e conquista."},"content":{"rendered":"<p>Em 13 de setembro de 1989, o Sindesp- Ce nasceu autorizado pelo Minist\u00e9rio do Trabalho com a miss\u00e3o de representar, defender direitos e lutar pela igualdade salarial dos professores. Hoje celebramos 36 anos de exist\u00eancia, reafirmando nosso compromisso com a valoriza\u00e7\u00e3o da categoria e a constru\u00e7\u00e3o de condi\u00e7\u00f5es mais justas para todos.<\/p>\n<p>Ao Longo dessas mais de tr\u00eas d\u00e9cadas, o Sindesp- Ce esteve presente em negocia\u00e7\u00f5es, mobiliza\u00e7\u00f5es e conquistas que marcaram a hist\u00f3ria dos professores, sempre guiado pela defesa da dignidade profissional e do reconhecimento da import\u00e2ncia da educa\u00e7\u00e3o.<br \/>\nEssa trajet\u00f3ria \u00e9 fruto da confian\u00e7a dos associados, da uni\u00e3o de esfor\u00e7os e da certeza de que somente atrav\u00e9s da organiza\u00e7\u00e3o coletiva \u00e9 poss\u00edvel avan\u00e7ar na luta por melhores sal\u00e1rios, condi\u00e7\u00f5es de trabalho e respeito \u00e0 profiss\u00e3o docente.<\/p>\n<p>S\u00e3o 36 anos de resist\u00eancia, conquistas e compromisso com os professores. E seguimos firmes: lutando para garantir um futuro melhor para nossa categoria.<\/p>\n<p>Sindesp- Ce 36 anos de hist\u00f3ria. 36 anos de luta. 36 anos de conquistas.<\/p>\n<p>Autor: Prof.\u00a0Eliezer\u00a0Alves.<\/p>\n","protected":false},"excerpt":{"rendered":"<p>Em 13 de setembro de 1989, o Sindesp- Ce nasceu autorizado pelo Minist\u00e9rio do Trabalho com a miss\u00e3o de representar, defender direitos e lutar pela igualdade salarial dos professores. Hoje celebramos 36 anos de exist\u00eancia, reafirmando nosso compromisso com a valoriza\u00e7\u00e3o da categoria e a constru\u00e7\u00e3o de condi\u00e7\u00f5es mais justas para todos. Ao Longo dessas mais de tr\u00eas d\u00e9cadas, o Sindesp- Ce esteve presente em negocia\u00e7\u00f5es, mobiliza\u00e7\u00f5es e conquistas que marcaram a hist\u00f3ria dos professores, sempre guiado pela defesa da dignidade profissional e do reconhecimento da import\u00e2ncia da educa\u00e7\u00e3o. Essa trajet\u00f3ria \u00e9 fruto da confian\u00e7a dos associados, da uni\u00e3o de esfor\u00e7os e da certeza de que somente atrav\u00e9s da organiza\u00e7\u00e3o coletiva \u00e9 poss\u00edvel avan\u00e7ar na luta por melhores sal\u00e1rios, condi\u00e7\u00f5es de trabalho e respeito \u00e0 profiss\u00e3o docente. S\u00e3o 36 anos de resist\u00eancia, conquistas e compromisso com os professores. E seguimos firmes: lutando para garantir um futuro melhor para nossa categoria. Sindesp- Ce 36 anos de hist\u00f3ria. 36 anos de luta. 36 anos de conquistas. Autor: Prof.\u00a0Eliezer\u00a0Alves.<\/p>\n","protected":false},"author":1,"featured_media":0,"comment_status":"closed","ping_status":"open","sticky":false,"template":"","format":"standard","meta":{"_joinchat":[],"footnotes":""},"categories":[36],"tags":[],"class_list":["post-3869","post","type-post","status-publish","format-standard","hentry","category-blog"],"_links":{"self":[{"href":"https:\/\/sindesp.org.br\/index.php\/wp-json\/wp\/v2\/posts\/3869","targetHints":{"allow":["GET"]}}],"collection":[{"href":"https:\/\/sindesp.org.br\/index.php\/wp-json\/wp\/v2\/posts"}],"about":[{"href":"https:\/\/sindesp.org.br\/index.php\/wp-json\/wp\/v2\/types\/post"}],"author":[{"embeddable":true,"href":"https:\/\/sindesp.org.br\/index.php\/wp-json\/wp\/v2\/users\/1"}],"replies":[{"embeddable":true,"href":"https:\/\/sindesp.org.br\/index.php\/wp-json\/wp\/v2\/comments?post=3869"}],"version-history":[{"count":3,"href":"https:\/\/sindesp.org.br\/index.php\/wp-json\/wp\/v2\/posts\/3869\/revisions"}],"predecessor-version":[{"id":3930,"href":"https:\/\/sindesp.org.br\/index.php\/wp-json\/wp\/v2\/posts\/3869\/revisions\/3930"}],"wp:attachment":[{"href":"https:\/\/sindesp.org.br\/index.php\/wp-json\/wp\/v2\/media?parent=3869"}],"wp:term":[{"taxonomy":"category","embeddable":true,"href":"https:\/\/sindesp.org.br\/index.php\/wp-json\/wp\/v2\/categories?post=3869"},{"taxonomy":"post_tag","embeddable":true,"href":"https:\/\/sindesp.org.br\/index.php\/wp-json\/wp\/v2\/tags?post=3869"}],"curies":[{"name":"wp","href":"https:\/\/api.w.org\/{rel}","templated":true}]}}