{"id":3905,"date":"2025-10-01T14:41:19","date_gmt":"2025-10-01T17:41:19","guid":{"rendered":"https:\/\/sindesp.org.br\/?p=3905"},"modified":"2025-10-01T14:41:37","modified_gmt":"2025-10-01T17:41:37","slug":"reinauguracao-sindesp-ceara-tem-repercussao-positivo-na-comunidade-academica-do-ceara","status":"publish","type":"post","link":"https:\/\/sindesp.org.br\/index.php\/2025\/10\/01\/reinauguracao-sindesp-ceara-tem-repercussao-positivo-na-comunidade-academica-do-ceara\/","title":{"rendered":"Reinaugura\u00e7\u00e3o ( Sindesp Cear\u00e1 ) tem repercuss\u00e3o positivo na comunidade acad\u00eamica do Cear\u00e1"},"content":{"rendered":"<p>Repercute na comunidade acad\u00eamica, em especial, na Uece, Urca e Uva o evento de reinaugura\u00e7\u00e3o do sindicato, apresenta\u00e7\u00f5es de 97 conv\u00eanios e credenciamentos, em especial, planos de sa\u00fade; exposi\u00e7\u00e3o de ve\u00edculos; homenagens a personalidades de not\u00f3rio e not\u00e1vel saber comprometidas com ensino p\u00fablico superior do estado do cear\u00e1, inclusive conceituadas entidades vinculadas \u00e0 educa\u00e7\u00e3o universit\u00e1ria e 36 anos de exist\u00eancia do Sindicato dos docentes do ensino superior p\u00fablico do estado do Cear\u00e1 &#8211; Novo Sindesp com moderna gest\u00e3o a cargo do presidente , Prof. In\u00e1cio de Loiola Saraiva.<\/p>\n<p>Autor: Prof.\u00a0Eliezer\u00a0Alves.<\/p>\n","protected":false},"excerpt":{"rendered":"<p>Repercute na comunidade acad\u00eamica, em especial, na Uece, Urca e Uva o evento de reinaugura\u00e7\u00e3o do sindicato, apresenta\u00e7\u00f5es de 97 conv\u00eanios e credenciamentos, em especial, planos de sa\u00fade; exposi\u00e7\u00e3o de ve\u00edculos; homenagens a personalidades de not\u00f3rio e not\u00e1vel saber comprometidas com ensino p\u00fablico superior do estado do cear\u00e1, inclusive conceituadas entidades vinculadas \u00e0 educa\u00e7\u00e3o universit\u00e1ria e 36 anos de exist\u00eancia do Sindicato dos docentes do ensino superior p\u00fablico do estado do Cear\u00e1 &#8211; Novo Sindesp com moderna gest\u00e3o a cargo do presidente , Prof. In\u00e1cio de Loiola Saraiva. Autor: Prof.\u00a0Eliezer\u00a0Alves.<\/p>\n","protected":false},"author":1,"featured_media":3906,"comment_status":"closed","ping_status":"open","sticky":false,"template":"","format":"standard","meta":{"_joinchat":[],"footnotes":""},"categories":[5],"tags":[],"class_list":["post-3905","post","type-post","status-publish","format-standard","has-post-thumbnail","hentry","category-destaques"],"_links":{"self":[{"href":"https:\/\/sindesp.org.br\/index.php\/wp-json\/wp\/v2\/posts\/3905","targetHints":{"allow":["GET"]}}],"collection":[{"href":"https:\/\/sindesp.org.br\/index.php\/wp-json\/wp\/v2\/posts"}],"about":[{"href":"https:\/\/sindesp.org.br\/index.php\/wp-json\/wp\/v2\/types\/post"}],"author":[{"embeddable":true,"href":"https:\/\/sindesp.org.br\/index.php\/wp-json\/wp\/v2\/users\/1"}],"replies":[{"embeddable":true,"href":"https:\/\/sindesp.org.br\/index.php\/wp-json\/wp\/v2\/comments?post=3905"}],"version-history":[{"count":2,"href":"https:\/\/sindesp.org.br\/index.php\/wp-json\/wp\/v2\/posts\/3905\/revisions"}],"predecessor-version":[{"id":3909,"href":"https:\/\/sindesp.org.br\/index.php\/wp-json\/wp\/v2\/posts\/3905\/revisions\/3909"}],"wp:featuredmedia":[{"embeddable":true,"href":"https:\/\/sindesp.org.br\/index.php\/wp-json\/wp\/v2\/media\/3906"}],"wp:attachment":[{"href":"https:\/\/sindesp.org.br\/index.php\/wp-json\/wp\/v2\/media?parent=3905"}],"wp:term":[{"taxonomy":"category","embeddable":true,"href":"https:\/\/sindesp.org.br\/index.php\/wp-json\/wp\/v2\/categories?post=3905"},{"taxonomy":"post_tag","embeddable":true,"href":"https:\/\/sindesp.org.br\/index.php\/wp-json\/wp\/v2\/tags?post=3905"}],"curies":[{"name":"wp","href":"https:\/\/api.w.org\/{rel}","templated":true}]}}