{"id":3978,"date":"2025-10-07T11:32:00","date_gmt":"2025-10-07T14:32:00","guid":{"rendered":"https:\/\/sindesp.org.br\/?p=3978"},"modified":"2025-10-07T11:32:00","modified_gmt":"2025-10-07T14:32:00","slug":"acontecendo-em-outubro-2025-agendamento","status":"publish","type":"post","link":"https:\/\/sindesp.org.br\/index.php\/2025\/10\/07\/acontecendo-em-outubro-2025-agendamento\/","title":{"rendered":"Acontecendo em Outubro 2025- Agendamento"},"content":{"rendered":"<p>XXX Semana Universit\u00e1ria, edi\u00e7\u00e3o especial de 50 anos da UECE,<br \/>\nno per\u00edodo de 6 a 10 de outubro, em formato Integrado e<br \/>\nMULTICAMPI, em Fortaleza, no campus ITAPERI, e em outros<br \/>\nquatro campi: Quixad\u00e1 (FECLESC), Iguatu (FECLI), Limoeiro do<br \/>\nNorte (FAFIDAM) e Tau\u00e1 (CECITEC).<\/p>\n<p>O Dia de Nossa Senhora Aparecida \u00e9 comemorado em 12 de<br \/>\noutubro (domingo) e \u00e9 considerado feriado nacional no Brasil.<br \/>\nEsta \u00e9 a data que homenageia a padroeira do pa\u00eds.<\/p>\n<p>Em 15 de outubro \u00e9 o\u00a0Dia Nacional do Professor e da Professora<br \/>\nno Brasil, uma data comemorativa institu\u00edda pelo Decreto Federal<br \/>\nn\u00ba 52.682 de 1963 para homenagear os profissionais da<br \/>\neduca\u00e7\u00e3o.\u00a0Embora n\u00e3o seja um feriado nacional, \u00e9 considerado<br \/>\num feriado escolar, significando que as escolas e institui\u00e7\u00f5es de<br \/>\nensino tradicionalmente n\u00e3o t\u00eam aulas neste dia, em<br \/>\nreconhecimento \u00e0 import\u00e2ncia do trabalho\u00a0dos\u00a0educadores.<\/p>\n","protected":false},"excerpt":{"rendered":"<p>XXX Semana Universit\u00e1ria, edi\u00e7\u00e3o especial de 50 anos da UECE, no per\u00edodo de 6 a 10 de outubro, em formato Integrado e MULTICAMPI, em Fortaleza, no campus ITAPERI, e em outros quatro campi: Quixad\u00e1 (FECLESC), Iguatu (FECLI), Limoeiro do Norte (FAFIDAM) e Tau\u00e1 (CECITEC). O Dia de Nossa Senhora Aparecida \u00e9 comemorado em 12 de outubro (domingo) e \u00e9 considerado feriado nacional no Brasil. Esta \u00e9 a data que homenageia a padroeira do pa\u00eds. Em 15 de outubro \u00e9 o\u00a0Dia Nacional do Professor e da Professora no Brasil, uma data comemorativa institu\u00edda pelo Decreto Federal n\u00ba 52.682 de 1963 para homenagear os profissionais da educa\u00e7\u00e3o.\u00a0Embora n\u00e3o seja um feriado nacional, \u00e9 considerado um feriado escolar, significando que as escolas e institui\u00e7\u00f5es de ensino tradicionalmente n\u00e3o t\u00eam aulas neste dia, em reconhecimento \u00e0 import\u00e2ncia do trabalho\u00a0dos\u00a0educadores.<\/p>\n","protected":false},"author":1,"featured_media":0,"comment_status":"closed","ping_status":"open","sticky":false,"template":"","format":"standard","meta":{"_joinchat":[],"footnotes":""},"categories":[36],"tags":[],"class_list":["post-3978","post","type-post","status-publish","format-standard","hentry","category-blog"],"_links":{"self":[{"href":"https:\/\/sindesp.org.br\/index.php\/wp-json\/wp\/v2\/posts\/3978","targetHints":{"allow":["GET"]}}],"collection":[{"href":"https:\/\/sindesp.org.br\/index.php\/wp-json\/wp\/v2\/posts"}],"about":[{"href":"https:\/\/sindesp.org.br\/index.php\/wp-json\/wp\/v2\/types\/post"}],"author":[{"embeddable":true,"href":"https:\/\/sindesp.org.br\/index.php\/wp-json\/wp\/v2\/users\/1"}],"replies":[{"embeddable":true,"href":"https:\/\/sindesp.org.br\/index.php\/wp-json\/wp\/v2\/comments?post=3978"}],"version-history":[{"count":1,"href":"https:\/\/sindesp.org.br\/index.php\/wp-json\/wp\/v2\/posts\/3978\/revisions"}],"predecessor-version":[{"id":3979,"href":"https:\/\/sindesp.org.br\/index.php\/wp-json\/wp\/v2\/posts\/3978\/revisions\/3979"}],"wp:attachment":[{"href":"https:\/\/sindesp.org.br\/index.php\/wp-json\/wp\/v2\/media?parent=3978"}],"wp:term":[{"taxonomy":"category","embeddable":true,"href":"https:\/\/sindesp.org.br\/index.php\/wp-json\/wp\/v2\/categories?post=3978"},{"taxonomy":"post_tag","embeddable":true,"href":"https:\/\/sindesp.org.br\/index.php\/wp-json\/wp\/v2\/tags?post=3978"}],"curies":[{"name":"wp","href":"https:\/\/api.w.org\/{rel}","templated":true}]}}