{"id":4189,"date":"2025-10-27T13:04:41","date_gmt":"2025-10-27T16:04:41","guid":{"rendered":"https:\/\/sindesp.org.br\/?p=4189"},"modified":"2025-10-27T13:04:41","modified_gmt":"2025-10-27T16:04:41","slug":"professora-ada-pimentel-doutora-honoris-causa-da-uva","status":"publish","type":"post","link":"https:\/\/sindesp.org.br\/index.php\/2025\/10\/27\/professora-ada-pimentel-doutora-honoris-causa-da-uva\/","title":{"rendered":"PROFESSORA ADA PIMENTEL &#8211; Doutora Honoris Causa da UVA"},"content":{"rendered":"<p>________________________<br \/>\nMais uma vez retorno \u00e0 Universidade Vale do Acara\u00fa &#8211; UVA para um importante momento da hist\u00f3ria da educa\u00e7\u00e3o cearense. Com enorme alegria participei da homenagem recebida da Outorga do T\u00edtulo de Doutor Honoris Causa da amiga e colega educadora Ada Pimentel conferida, por unanimidade, pelo CONSUNI e CEPE desta conceituada Institui\u00e7\u00e3o de Educa\u00e7\u00e3o Superior, em 23 de outubro de 2025, n\u00e3o apenas pela labuta em prol da educa\u00e7\u00e3o do nosso Estado, mas pelo conjunto de trabalho desenvolvido em benef\u00edcio do desenvolvimento do nosso Cear\u00e1.<br \/>\nEis, portanto, o t\u00edtulo de Doutor Honoris Causa, uma homenagem multiplicada simbolicamente para todos os Profissionais da Educa\u00e7\u00e3o do Cear\u00e1, os quais constroem, pelo talento e dedica\u00e7\u00e3o, a verdadeira hist\u00f3ria insubmissa e resistente com a cara e o cora\u00e7\u00e3o do povo cearense.<\/p>\n","protected":false},"excerpt":{"rendered":"<p>________________________ Mais uma vez retorno \u00e0 Universidade Vale do Acara\u00fa &#8211; UVA para um importante momento da hist\u00f3ria da educa\u00e7\u00e3o cearense. Com enorme alegria participei da homenagem recebida da Outorga do T\u00edtulo de Doutor Honoris Causa da amiga e colega educadora Ada Pimentel conferida, por unanimidade, pelo CONSUNI e CEPE desta conceituada Institui\u00e7\u00e3o de Educa\u00e7\u00e3o Superior, em 23 de outubro de 2025, n\u00e3o apenas pela labuta em prol da educa\u00e7\u00e3o do nosso Estado, mas pelo conjunto de trabalho desenvolvido em benef\u00edcio do desenvolvimento do nosso Cear\u00e1. Eis, portanto, o t\u00edtulo de Doutor Honoris Causa, uma homenagem multiplicada simbolicamente para todos os Profissionais da Educa\u00e7\u00e3o do Cear\u00e1, os quais constroem, pelo talento e dedica\u00e7\u00e3o, a verdadeira hist\u00f3ria insubmissa e resistente com a cara e o cora\u00e7\u00e3o do povo cearense.<\/p>\n","protected":false},"author":1,"featured_media":4190,"comment_status":"closed","ping_status":"open","sticky":false,"template":"","format":"standard","meta":{"_joinchat":[],"footnotes":""},"categories":[5],"tags":[],"class_list":["post-4189","post","type-post","status-publish","format-standard","has-post-thumbnail","hentry","category-destaques"],"_links":{"self":[{"href":"https:\/\/sindesp.org.br\/index.php\/wp-json\/wp\/v2\/posts\/4189","targetHints":{"allow":["GET"]}}],"collection":[{"href":"https:\/\/sindesp.org.br\/index.php\/wp-json\/wp\/v2\/posts"}],"about":[{"href":"https:\/\/sindesp.org.br\/index.php\/wp-json\/wp\/v2\/types\/post"}],"author":[{"embeddable":true,"href":"https:\/\/sindesp.org.br\/index.php\/wp-json\/wp\/v2\/users\/1"}],"replies":[{"embeddable":true,"href":"https:\/\/sindesp.org.br\/index.php\/wp-json\/wp\/v2\/comments?post=4189"}],"version-history":[{"count":2,"href":"https:\/\/sindesp.org.br\/index.php\/wp-json\/wp\/v2\/posts\/4189\/revisions"}],"predecessor-version":[{"id":4192,"href":"https:\/\/sindesp.org.br\/index.php\/wp-json\/wp\/v2\/posts\/4189\/revisions\/4192"}],"wp:featuredmedia":[{"embeddable":true,"href":"https:\/\/sindesp.org.br\/index.php\/wp-json\/wp\/v2\/media\/4190"}],"wp:attachment":[{"href":"https:\/\/sindesp.org.br\/index.php\/wp-json\/wp\/v2\/media?parent=4189"}],"wp:term":[{"taxonomy":"category","embeddable":true,"href":"https:\/\/sindesp.org.br\/index.php\/wp-json\/wp\/v2\/categories?post=4189"},{"taxonomy":"post_tag","embeddable":true,"href":"https:\/\/sindesp.org.br\/index.php\/wp-json\/wp\/v2\/tags?post=4189"}],"curies":[{"name":"wp","href":"https:\/\/api.w.org\/{rel}","templated":true}]}}