{"id":4234,"date":"2025-11-10T17:51:15","date_gmt":"2025-11-10T20:51:15","guid":{"rendered":"https:\/\/sindesp.org.br\/?p=4234"},"modified":"2025-11-10T17:51:32","modified_gmt":"2025-11-10T20:51:32","slug":"aniversario-de-destaque-em-14-11-2025-heloisa-oliveira-de-barros-leal","status":"publish","type":"post","link":"https:\/\/sindesp.org.br\/index.php\/2025\/11\/10\/aniversario-de-destaque-em-14-11-2025-heloisa-oliveira-de-barros-leal\/","title":{"rendered":"ANIVERS\u00c1RIO DE DESTAQUE EM 14\/11\/2025 &#8211; HELOISA OLIVEIRA DE\u00a0BARROS\u00a0LEAL"},"content":{"rendered":"<p style=\"text-align: center;\"><img fetchpriority=\"high\" decoding=\"async\" class=\"size-full wp-image-4235 aligncenter\" src=\"https:\/\/sindesp.org.br\/wp-content\/uploads\/2025\/11\/Imagem-do-WhatsApp-de-2025-11-10-as-17.44.21_8f0f4867.jpg\" alt=\"\" width=\"225\" height=\"225\" srcset=\"https:\/\/sindesp.org.br\/wp-content\/uploads\/2025\/11\/Imagem-do-WhatsApp-de-2025-11-10-as-17.44.21_8f0f4867.jpg 225w, https:\/\/sindesp.org.br\/wp-content\/uploads\/2025\/11\/Imagem-do-WhatsApp-de-2025-11-10-as-17.44.21_8f0f4867-150x150.jpg 150w\" sizes=\"(max-width: 225px) 100vw, 225px\" \/><br \/>\nGrande amiga, l\u00edder, e companheira, voc\u00ea \u00e9 uma pessoa<br \/>\nmaravilhosa com quem temos a felicidade e o privil\u00e9gio de<br \/>\npoder dividir nossas lutas e conquistas, comunicadora por<br \/>\nexcel\u00eancia, exemplar compartilhadora, not\u00e1vel inspiradora de<br \/>\nnossas reportagens, ilustre poetisa, mestre da literatura,<br \/>\ndefensora da categoria, respons\u00e1vel por preciosas e di\u00e1rias<br \/>\ninforma\u00e7\u00f5es nas redes sociais. Somos muito gratos pelo seu<br \/>\nsignificativo trabalho. Sempre pronta a estender a m\u00e3o, voc\u00ea<br \/>\ndeixa uma marca pessoal em tudo que faz, pela forma como<br \/>\nfaz. Sem sombra de d\u00favidas, voc\u00ea \u00e9 um modelo ineg\u00e1vel de<br \/>\nquem sabe unir e apoiar com muita sabedoria para assim<br \/>\nconstruir, doar e socorrer<br \/>\nA Diretoria do SINDESP que \u00e9pocas passadas voc\u00ea integrou,<br \/>\nparabeniza-lhe pela magna data, not\u00e1vel defensora do<br \/>\nsindicalismo e deseja-lhe muita paz, alegria, sa\u00fade, f\u00e9,<\/p>\n<p style=\"text-align: center;\">esperan\u00e7a, progresso, amizade, felicidade, feliz natal 2025 e um<br \/>\npr\u00f3spero\u00a0ano\u00a0novo\u00a02026<\/p>\n","protected":false},"excerpt":{"rendered":"<p>Grande amiga, l\u00edder, e companheira, voc\u00ea \u00e9 uma pessoa maravilhosa com quem temos a felicidade e o privil\u00e9gio de poder dividir nossas lutas e conquistas, comunicadora por excel\u00eancia, exemplar compartilhadora, not\u00e1vel inspiradora de nossas reportagens, ilustre poetisa, mestre da literatura, defensora da categoria, respons\u00e1vel por preciosas e di\u00e1rias informa\u00e7\u00f5es nas redes sociais. Somos muito gratos pelo seu significativo trabalho. Sempre pronta a estender a m\u00e3o, voc\u00ea deixa uma marca pessoal em tudo que faz, pela forma como faz. Sem sombra de d\u00favidas, voc\u00ea \u00e9 um modelo ineg\u00e1vel de quem sabe unir e apoiar com muita sabedoria para assim construir, doar e socorrer A Diretoria do SINDESP que \u00e9pocas passadas voc\u00ea integrou, parabeniza-lhe pela magna data, not\u00e1vel defensora do sindicalismo e deseja-lhe muita paz, alegria, sa\u00fade, f\u00e9, esperan\u00e7a, progresso, amizade, felicidade, feliz natal 2025 e um pr\u00f3spero\u00a0ano\u00a0novo\u00a02026<\/p>\n","protected":false},"author":1,"featured_media":0,"comment_status":"closed","ping_status":"open","sticky":false,"template":"","format":"standard","meta":{"_joinchat":[],"footnotes":""},"categories":[36],"tags":[],"class_list":["post-4234","post","type-post","status-publish","format-standard","hentry","category-blog"],"_links":{"self":[{"href":"https:\/\/sindesp.org.br\/index.php\/wp-json\/wp\/v2\/posts\/4234","targetHints":{"allow":["GET"]}}],"collection":[{"href":"https:\/\/sindesp.org.br\/index.php\/wp-json\/wp\/v2\/posts"}],"about":[{"href":"https:\/\/sindesp.org.br\/index.php\/wp-json\/wp\/v2\/types\/post"}],"author":[{"embeddable":true,"href":"https:\/\/sindesp.org.br\/index.php\/wp-json\/wp\/v2\/users\/1"}],"replies":[{"embeddable":true,"href":"https:\/\/sindesp.org.br\/index.php\/wp-json\/wp\/v2\/comments?post=4234"}],"version-history":[{"count":3,"href":"https:\/\/sindesp.org.br\/index.php\/wp-json\/wp\/v2\/posts\/4234\/revisions"}],"predecessor-version":[{"id":4237,"href":"https:\/\/sindesp.org.br\/index.php\/wp-json\/wp\/v2\/posts\/4234\/revisions\/4237"}],"wp:attachment":[{"href":"https:\/\/sindesp.org.br\/index.php\/wp-json\/wp\/v2\/media?parent=4234"}],"wp:term":[{"taxonomy":"category","embeddable":true,"href":"https:\/\/sindesp.org.br\/index.php\/wp-json\/wp\/v2\/categories?post=4234"},{"taxonomy":"post_tag","embeddable":true,"href":"https:\/\/sindesp.org.br\/index.php\/wp-json\/wp\/v2\/tags?post=4234"}],"curies":[{"name":"wp","href":"https:\/\/api.w.org\/{rel}","templated":true}]}}