{"id":4289,"date":"2025-11-17T10:12:47","date_gmt":"2025-11-17T13:12:47","guid":{"rendered":"https:\/\/sindesp.org.br\/?p=4289"},"modified":"2025-11-17T10:12:47","modified_gmt":"2025-11-17T13:12:47","slug":"professora-da-uece-lanca-livro-sobre-cinema","status":"publish","type":"post","link":"https:\/\/sindesp.org.br\/index.php\/2025\/11\/17\/professora-da-uece-lanca-livro-sobre-cinema\/","title":{"rendered":"PROFESSORA DA UECE LAN\u00c7A LIVRO SOBRE CINEMA"},"content":{"rendered":"<p>A professora e pesquisadora do curso de Letras da Faculdade de Educa\u00e7\u00e3o, Ci\u00eancias e Letras de Iguatu (FECLI), da Universidade Estadual do Cear\u00e1 (UECE), SARA BENVENUTO, lan\u00e7a o livro \u201cCINEMA E AUDIODESCRI\u00c7\u00c3O: LOCU\u00c7\u00c3O AUDIODESCRITIVA E VOZ OVER NA PRODU\u00c7\u00c3O CINEMATOGR\u00c1FICA ACESS\u00cdVEL\u201d no pr\u00f3ximo dia 18 de novembro, \u00e0s 19h, no Audit\u00f3rio do Campus Humberto Teixeira, em Iguatu.<br \/>\nA obra prop\u00f5e reflex\u00f5es in\u00e9ditas sobre a cria\u00e7\u00e3o de conte\u00fados cinematogr\u00e1ficos inclusivos, unindo teoria e pr\u00e1tica para quem deseja compreender e aplicar t\u00e9cnicas de acessibilidade no audiovisual. Doutora em Lingu\u00edstica pela UECE, SARA BENVENUTO tamb\u00e9m \u00e9 cineasta. O livro nasce de sua pesquisa de doutorado, fruto de anos de estudo e pr\u00e1tica voltados \u00e0 tradu\u00e7\u00e3o audiovisual acess\u00edvel.<\/p>\n","protected":false},"excerpt":{"rendered":"<p>A professora e pesquisadora do curso de Letras da Faculdade de Educa\u00e7\u00e3o, Ci\u00eancias e Letras de Iguatu (FECLI), da Universidade Estadual do Cear\u00e1 (UECE), SARA BENVENUTO, lan\u00e7a o livro \u201cCINEMA E AUDIODESCRI\u00c7\u00c3O: LOCU\u00c7\u00c3O AUDIODESCRITIVA E VOZ OVER NA PRODU\u00c7\u00c3O CINEMATOGR\u00c1FICA ACESS\u00cdVEL\u201d no pr\u00f3ximo dia 18 de novembro, \u00e0s 19h, no Audit\u00f3rio do Campus Humberto Teixeira, em Iguatu. A obra prop\u00f5e reflex\u00f5es in\u00e9ditas sobre a cria\u00e7\u00e3o de conte\u00fados cinematogr\u00e1ficos inclusivos, unindo teoria e pr\u00e1tica para quem deseja compreender e aplicar t\u00e9cnicas de acessibilidade no audiovisual. Doutora em Lingu\u00edstica pela UECE, SARA BENVENUTO tamb\u00e9m \u00e9 cineasta. O livro nasce de sua pesquisa de doutorado, fruto de anos de estudo e pr\u00e1tica voltados \u00e0 tradu\u00e7\u00e3o audiovisual acess\u00edvel.<\/p>\n","protected":false},"author":1,"featured_media":4290,"comment_status":"closed","ping_status":"open","sticky":false,"template":"","format":"standard","meta":{"_joinchat":[],"footnotes":""},"categories":[5],"tags":[],"class_list":["post-4289","post","type-post","status-publish","format-standard","has-post-thumbnail","hentry","category-destaques"],"_links":{"self":[{"href":"https:\/\/sindesp.org.br\/index.php\/wp-json\/wp\/v2\/posts\/4289","targetHints":{"allow":["GET"]}}],"collection":[{"href":"https:\/\/sindesp.org.br\/index.php\/wp-json\/wp\/v2\/posts"}],"about":[{"href":"https:\/\/sindesp.org.br\/index.php\/wp-json\/wp\/v2\/types\/post"}],"author":[{"embeddable":true,"href":"https:\/\/sindesp.org.br\/index.php\/wp-json\/wp\/v2\/users\/1"}],"replies":[{"embeddable":true,"href":"https:\/\/sindesp.org.br\/index.php\/wp-json\/wp\/v2\/comments?post=4289"}],"version-history":[{"count":1,"href":"https:\/\/sindesp.org.br\/index.php\/wp-json\/wp\/v2\/posts\/4289\/revisions"}],"predecessor-version":[{"id":4291,"href":"https:\/\/sindesp.org.br\/index.php\/wp-json\/wp\/v2\/posts\/4289\/revisions\/4291"}],"wp:featuredmedia":[{"embeddable":true,"href":"https:\/\/sindesp.org.br\/index.php\/wp-json\/wp\/v2\/media\/4290"}],"wp:attachment":[{"href":"https:\/\/sindesp.org.br\/index.php\/wp-json\/wp\/v2\/media?parent=4289"}],"wp:term":[{"taxonomy":"category","embeddable":true,"href":"https:\/\/sindesp.org.br\/index.php\/wp-json\/wp\/v2\/categories?post=4289"},{"taxonomy":"post_tag","embeddable":true,"href":"https:\/\/sindesp.org.br\/index.php\/wp-json\/wp\/v2\/tags?post=4289"}],"curies":[{"name":"wp","href":"https:\/\/api.w.org\/{rel}","templated":true}]}}