{"id":4345,"date":"2025-12-02T09:32:29","date_gmt":"2025-12-02T12:32:29","guid":{"rendered":"https:\/\/sindesp.org.br\/?p=4345"},"modified":"2025-12-02T09:32:29","modified_gmt":"2025-12-02T12:32:29","slug":"lancamento-livro-feclesc-um-itinerario-de-lutas-e-de-conquistas","status":"publish","type":"post","link":"https:\/\/sindesp.org.br\/index.php\/2025\/12\/02\/lancamento-livro-feclesc-um-itinerario-de-lutas-e-de-conquistas\/","title":{"rendered":"LAN\u00c7AMENTO LIVRO &#8211; FECLESC UM ITINER\u00c1RIO DE LUTAS E DE CONQUISTAS"},"content":{"rendered":"<p>Queridos amigos, queridas amigas,<\/p>\n<p>No dia 13 de dezembro de 2025 faremos o lan\u00e7amento do livro de nossa autoria intitulado FECLESC UM ITINER\u00c1RIO DE LUTAS E DE CONQUISTAS prefaciado pelo professor Luiz Oswaldo Sant\u2019Iago Moreira de Souza. O evento ocorrer\u00e1 \u00e0s 10:30 horas no audit\u00f3rio da Faculdade de Educa\u00e7\u00e3o, Ci\u00eancias e Letras do Sert\u00e3o Central \u2013 FECLESC.<\/p>\n<p>Esse lan\u00e7amento ocorrer\u00e1 dentro da programa\u00e7\u00e3o anual do Encontro de ex-alunos da FECLESC e ser\u00e1 tamb\u00e9m o encerramento informal dos 50 anos da UECE. \u00c9 a oportunidade de retornarmos \u00e0 velha e querida casa que durante alguns anos nos acolheu com carinho. Vamos reviver aqueles momentos risonhos e matar as saudades.<\/p>\n<p>Contamos com a sua presen\u00e7a.<\/p>\n<p>Aos interessados:<\/p>\n<p>SAIR\u00c1 DO CAMPUS DO ITAPERI UM VE\u00cdCULO PARA QUIXAD\u00c1 \u00c0S 8:00 HORAS DO DIA 13 DE DEZEMBRO RETORNANDO NA TARDE DO MESMO DIA.<br \/>\nEM QUIXAD\u00c1 HAVER\u00c1 UM COFEE BREAK ANTES DA SOLENIDADE.<\/p>\n<p>Para mais informa\u00e7\u00f5es acesse nossos canais de atendimentos.<\/p>\n<p>Fone: (85) 3292-5091\/ 99616-0705<\/p>\n","protected":false},"excerpt":{"rendered":"<p>Queridos amigos, queridas amigas, No dia 13 de dezembro de 2025 faremos o lan\u00e7amento do livro de nossa autoria intitulado FECLESC UM ITINER\u00c1RIO DE LUTAS E DE CONQUISTAS prefaciado pelo professor Luiz Oswaldo Sant\u2019Iago Moreira de Souza. O evento ocorrer\u00e1 \u00e0s 10:30 horas no audit\u00f3rio da Faculdade de Educa\u00e7\u00e3o, Ci\u00eancias e Letras do Sert\u00e3o Central \u2013 FECLESC. Esse lan\u00e7amento ocorrer\u00e1 dentro da programa\u00e7\u00e3o anual do Encontro de ex-alunos da FECLESC e ser\u00e1 tamb\u00e9m o encerramento informal dos 50 anos da UECE. \u00c9 a oportunidade de retornarmos \u00e0 velha e querida casa que durante alguns anos nos acolheu com carinho. Vamos reviver aqueles momentos risonhos e matar as saudades. Contamos com a sua presen\u00e7a. Aos interessados: SAIR\u00c1 DO CAMPUS DO ITAPERI UM VE\u00cdCULO PARA QUIXAD\u00c1 \u00c0S 8:00 HORAS DO DIA 13 DE DEZEMBRO RETORNANDO NA TARDE DO MESMO DIA. EM QUIXAD\u00c1 HAVER\u00c1 UM COFEE BREAK ANTES DA SOLENIDADE. Para mais informa\u00e7\u00f5es acesse nossos canais de atendimentos. Fone: (85) 3292-5091\/ 99616-0705<\/p>\n","protected":false},"author":1,"featured_media":4346,"comment_status":"closed","ping_status":"open","sticky":false,"template":"","format":"standard","meta":{"_joinchat":[],"footnotes":""},"categories":[5],"tags":[],"class_list":["post-4345","post","type-post","status-publish","format-standard","has-post-thumbnail","hentry","category-destaques"],"_links":{"self":[{"href":"https:\/\/sindesp.org.br\/index.php\/wp-json\/wp\/v2\/posts\/4345","targetHints":{"allow":["GET"]}}],"collection":[{"href":"https:\/\/sindesp.org.br\/index.php\/wp-json\/wp\/v2\/posts"}],"about":[{"href":"https:\/\/sindesp.org.br\/index.php\/wp-json\/wp\/v2\/types\/post"}],"author":[{"embeddable":true,"href":"https:\/\/sindesp.org.br\/index.php\/wp-json\/wp\/v2\/users\/1"}],"replies":[{"embeddable":true,"href":"https:\/\/sindesp.org.br\/index.php\/wp-json\/wp\/v2\/comments?post=4345"}],"version-history":[{"count":1,"href":"https:\/\/sindesp.org.br\/index.php\/wp-json\/wp\/v2\/posts\/4345\/revisions"}],"predecessor-version":[{"id":4347,"href":"https:\/\/sindesp.org.br\/index.php\/wp-json\/wp\/v2\/posts\/4345\/revisions\/4347"}],"wp:featuredmedia":[{"embeddable":true,"href":"https:\/\/sindesp.org.br\/index.php\/wp-json\/wp\/v2\/media\/4346"}],"wp:attachment":[{"href":"https:\/\/sindesp.org.br\/index.php\/wp-json\/wp\/v2\/media?parent=4345"}],"wp:term":[{"taxonomy":"category","embeddable":true,"href":"https:\/\/sindesp.org.br\/index.php\/wp-json\/wp\/v2\/categories?post=4345"},{"taxonomy":"post_tag","embeddable":true,"href":"https:\/\/sindesp.org.br\/index.php\/wp-json\/wp\/v2\/tags?post=4345"}],"curies":[{"name":"wp","href":"https:\/\/api.w.org\/{rel}","templated":true}]}}