{"id":4352,"date":"2025-12-08T16:39:14","date_gmt":"2025-12-08T19:39:14","guid":{"rendered":"https:\/\/sindesp.org.br\/?p=4352"},"modified":"2025-12-08T16:39:14","modified_gmt":"2025-12-08T19:39:14","slug":"folhas-de-pagamentos-da-segunda-parcela-do-13o-salario-2025","status":"publish","type":"post","link":"https:\/\/sindesp.org.br\/index.php\/2025\/12\/08\/folhas-de-pagamentos-da-segunda-parcela-do-13o-salario-2025\/","title":{"rendered":"Folhas de pagamentos da segunda parcela do 13\u00ba sal\u00e1rio-2025."},"content":{"rendered":"<p>Informamos-lhes, conforme, dados extra\u00eddos do e-mail oficial do Governo @ELMANOOFICIAL que as folhas de pagamentos da segunda parcela do 13\u00ba sal\u00e1rio-2025 e dezembro-2025 dos funcion\u00e1rios da ativa, aposentados e pensionistas, receberam a seguinte programa\u00e7\u00e3o de desembolso: 13\u00ba sal\u00e1rio cr\u00e9dito em conta dia 20\/12\/2025(s\u00e1bado) e proventos dezembro-2025 em 30.12.2025.Fonte: ELMANO DE FREITAS @ELMANOOFICIAL<\/p>\n","protected":false},"excerpt":{"rendered":"<p>Informamos-lhes, conforme, dados extra\u00eddos do e-mail oficial do Governo @ELMANOOFICIAL que as folhas de pagamentos da segunda parcela do 13\u00ba sal\u00e1rio-2025 e dezembro-2025 dos funcion\u00e1rios da ativa, aposentados e pensionistas, receberam a seguinte programa\u00e7\u00e3o de desembolso: 13\u00ba sal\u00e1rio cr\u00e9dito em conta dia 20\/12\/2025(s\u00e1bado) e proventos dezembro-2025 em 30.12.2025.Fonte: ELMANO DE FREITAS @ELMANOOFICIAL<\/p>\n","protected":false},"author":1,"featured_media":4353,"comment_status":"closed","ping_status":"open","sticky":false,"template":"","format":"standard","meta":{"_joinchat":[],"footnotes":""},"categories":[5],"tags":[],"class_list":["post-4352","post","type-post","status-publish","format-standard","has-post-thumbnail","hentry","category-destaques"],"_links":{"self":[{"href":"https:\/\/sindesp.org.br\/index.php\/wp-json\/wp\/v2\/posts\/4352","targetHints":{"allow":["GET"]}}],"collection":[{"href":"https:\/\/sindesp.org.br\/index.php\/wp-json\/wp\/v2\/posts"}],"about":[{"href":"https:\/\/sindesp.org.br\/index.php\/wp-json\/wp\/v2\/types\/post"}],"author":[{"embeddable":true,"href":"https:\/\/sindesp.org.br\/index.php\/wp-json\/wp\/v2\/users\/1"}],"replies":[{"embeddable":true,"href":"https:\/\/sindesp.org.br\/index.php\/wp-json\/wp\/v2\/comments?post=4352"}],"version-history":[{"count":1,"href":"https:\/\/sindesp.org.br\/index.php\/wp-json\/wp\/v2\/posts\/4352\/revisions"}],"predecessor-version":[{"id":4354,"href":"https:\/\/sindesp.org.br\/index.php\/wp-json\/wp\/v2\/posts\/4352\/revisions\/4354"}],"wp:featuredmedia":[{"embeddable":true,"href":"https:\/\/sindesp.org.br\/index.php\/wp-json\/wp\/v2\/media\/4353"}],"wp:attachment":[{"href":"https:\/\/sindesp.org.br\/index.php\/wp-json\/wp\/v2\/media?parent=4352"}],"wp:term":[{"taxonomy":"category","embeddable":true,"href":"https:\/\/sindesp.org.br\/index.php\/wp-json\/wp\/v2\/categories?post=4352"},{"taxonomy":"post_tag","embeddable":true,"href":"https:\/\/sindesp.org.br\/index.php\/wp-json\/wp\/v2\/tags?post=4352"}],"curies":[{"name":"wp","href":"https:\/\/api.w.org\/{rel}","templated":true}]}}