{"id":4453,"date":"2025-12-19T11:37:34","date_gmt":"2025-12-19T14:37:34","guid":{"rendered":"https:\/\/sindesp.org.br\/?p=4453"},"modified":"2025-12-19T11:37:34","modified_gmt":"2025-12-19T14:37:34","slug":"confraternizacao-sindesp-e-as-felicitacoes-2025","status":"publish","type":"post","link":"https:\/\/sindesp.org.br\/index.php\/2025\/12\/19\/confraternizacao-sindesp-e-as-felicitacoes-2025\/","title":{"rendered":"Confraterniza\u00e7\u00e3o SINDESP e \u00e0s felicita\u00e7\u00f5es 2025"},"content":{"rendered":"<p>Estamos recebendo, diariamente, mensagens distintivas e educadas de explica\u00e7\u00f5es de filiados ausentes \u00e0 majestosa e in\u00e9dita confraterniza\u00e7\u00e3o e \u00e0s felicita\u00e7\u00f5es, aplausos, parab\u00e9ns, valoriza\u00e7\u00e3o, agradecimentos e \u00e0 notabilidade sindical no \u00e2mbito p\u00fablico e privado do novo sindicato, da moderna gest\u00e3o, sobretudo e da metodologia de a\u00e7\u00e3o, reconhecida pelo Escrit\u00f3rio Jur\u00eddico Glayddes Sindeaux Advogados, pelo Chefe de Gabinete da Reitoria, Altemar da Costa Muniz, respeitados filiados, eminentes Diretores, Coordendores e Professores do Centro de Sa\u00fade, Centro de Ci\u00eancias da Tecnologia e familiares de associados.<\/p>\n<p>Somos muito gratos a todos que prestigiaram e marcaram presen\u00e7as na not\u00e1vel festividade em 12.12.2025, data inesquec\u00edvel e repleta de alegria, felicidades, amizade, familiaridade e recorda\u00e7\u00f5es.<\/p>\n","protected":false},"excerpt":{"rendered":"<p>Estamos recebendo, diariamente, mensagens distintivas e educadas de explica\u00e7\u00f5es de filiados ausentes \u00e0 majestosa e in\u00e9dita confraterniza\u00e7\u00e3o e \u00e0s felicita\u00e7\u00f5es, aplausos, parab\u00e9ns, valoriza\u00e7\u00e3o, agradecimentos e \u00e0 notabilidade sindical no \u00e2mbito p\u00fablico e privado do novo sindicato, da moderna gest\u00e3o, sobretudo e da metodologia de a\u00e7\u00e3o, reconhecida pelo Escrit\u00f3rio Jur\u00eddico Glayddes Sindeaux Advogados, pelo Chefe de Gabinete da Reitoria, Altemar da Costa Muniz, respeitados filiados, eminentes Diretores, Coordendores e Professores do Centro de Sa\u00fade, Centro de Ci\u00eancias da Tecnologia e familiares de associados. Somos muito gratos a todos que prestigiaram e marcaram presen\u00e7as na not\u00e1vel festividade em 12.12.2025, data inesquec\u00edvel e repleta de alegria, felicidades, amizade, familiaridade e recorda\u00e7\u00f5es.<\/p>\n","protected":false},"author":1,"featured_media":4454,"comment_status":"closed","ping_status":"open","sticky":false,"template":"","format":"standard","meta":{"_joinchat":[],"footnotes":""},"categories":[8],"tags":[],"class_list":["post-4453","post","type-post","status-publish","format-standard","has-post-thumbnail","hentry","category-noticia"],"_links":{"self":[{"href":"https:\/\/sindesp.org.br\/index.php\/wp-json\/wp\/v2\/posts\/4453","targetHints":{"allow":["GET"]}}],"collection":[{"href":"https:\/\/sindesp.org.br\/index.php\/wp-json\/wp\/v2\/posts"}],"about":[{"href":"https:\/\/sindesp.org.br\/index.php\/wp-json\/wp\/v2\/types\/post"}],"author":[{"embeddable":true,"href":"https:\/\/sindesp.org.br\/index.php\/wp-json\/wp\/v2\/users\/1"}],"replies":[{"embeddable":true,"href":"https:\/\/sindesp.org.br\/index.php\/wp-json\/wp\/v2\/comments?post=4453"}],"version-history":[{"count":1,"href":"https:\/\/sindesp.org.br\/index.php\/wp-json\/wp\/v2\/posts\/4453\/revisions"}],"predecessor-version":[{"id":4455,"href":"https:\/\/sindesp.org.br\/index.php\/wp-json\/wp\/v2\/posts\/4453\/revisions\/4455"}],"wp:featuredmedia":[{"embeddable":true,"href":"https:\/\/sindesp.org.br\/index.php\/wp-json\/wp\/v2\/media\/4454"}],"wp:attachment":[{"href":"https:\/\/sindesp.org.br\/index.php\/wp-json\/wp\/v2\/media?parent=4453"}],"wp:term":[{"taxonomy":"category","embeddable":true,"href":"https:\/\/sindesp.org.br\/index.php\/wp-json\/wp\/v2\/categories?post=4453"},{"taxonomy":"post_tag","embeddable":true,"href":"https:\/\/sindesp.org.br\/index.php\/wp-json\/wp\/v2\/tags?post=4453"}],"curies":[{"name":"wp","href":"https:\/\/api.w.org\/{rel}","templated":true}]}}