{"id":4467,"date":"2025-12-22T12:39:29","date_gmt":"2025-12-22T15:39:29","guid":{"rendered":"https:\/\/sindesp.org.br\/?p=4467"},"modified":"2025-12-22T12:39:29","modified_gmt":"2025-12-22T15:39:29","slug":"muito-obrigado-confraternizacao-de-fim-de-ano-2025","status":"publish","type":"post","link":"https:\/\/sindesp.org.br\/index.php\/2025\/12\/22\/muito-obrigado-confraternizacao-de-fim-de-ano-2025\/","title":{"rendered":"Muito Obrigado. Confraterniza\u00e7\u00e3o de fim de ano 2025"},"content":{"rendered":"<p>Mais uma vez, muito obrigado a todos que honrosamente, compareceram a memor\u00e1vel confraterniza\u00e7\u00e3o de fim de ano do SINDESP realizada em 12.12.2025, celebrada com o objetivo agradecer conquistas, fortalecer la\u00e7os, renovar energias, reconhecer e valorizar as atividades sindicais e que para o pr\u00f3ximo ano, promover ainda mais a integra\u00e7\u00e3o entre colegas, amigos e familiares em um ambiente de gratid\u00e3o e uni\u00e3o, essencial para o bem-estar e socializa\u00e7\u00e3o fraternal.<\/p>\n<p>A diretoria do\u00a0Sindicato dos Docentes do Ensino Superior P\u00fablico do Estado do Cear\u00e1 \u2013 SINDESP transmitiu cordiais Votos de Boas Festas (Feliz Natal e Ano Novo), Expressivas Sauda\u00e7\u00f5es e Felicita\u00e7\u00f5es Natalinas:\u00a0 aos not\u00e1veis gestores e \u00e0s especiais equipes da UECE, URCA e UVA, aos escrit\u00f3rios jur\u00eddicos: Queiroz &amp; Sampaio \u2013 Advogados Associados; GLAYDDES SINDEAUX ADVOGADOS; \u00e0s 117 empresas prestadoras de servi\u00e7os(conveniadas e credenciadas) a filiados e a servidores sindicais das unidades de Fortaleza, Sobral e Crato entre outros.<\/p>\n","protected":false},"excerpt":{"rendered":"<p>Mais uma vez, muito obrigado a todos que honrosamente, compareceram a memor\u00e1vel confraterniza\u00e7\u00e3o de fim de ano do SINDESP realizada em 12.12.2025, celebrada com o objetivo agradecer conquistas, fortalecer la\u00e7os, renovar energias, reconhecer e valorizar as atividades sindicais e que para o pr\u00f3ximo ano, promover ainda mais a integra\u00e7\u00e3o entre colegas, amigos e familiares em um ambiente de gratid\u00e3o e uni\u00e3o, essencial para o bem-estar e socializa\u00e7\u00e3o fraternal. A diretoria do\u00a0Sindicato dos Docentes do Ensino Superior P\u00fablico do Estado do Cear\u00e1 \u2013 SINDESP transmitiu cordiais Votos de Boas Festas (Feliz Natal e Ano Novo), Expressivas Sauda\u00e7\u00f5es e Felicita\u00e7\u00f5es Natalinas:\u00a0 aos not\u00e1veis gestores e \u00e0s especiais equipes da UECE, URCA e UVA, aos escrit\u00f3rios jur\u00eddicos: Queiroz &amp; Sampaio \u2013 Advogados Associados; GLAYDDES SINDEAUX ADVOGADOS; \u00e0s 117 empresas prestadoras de servi\u00e7os(conveniadas e credenciadas) a filiados e a servidores sindicais das unidades de Fortaleza, Sobral e Crato entre outros.<\/p>\n","protected":false},"author":1,"featured_media":4468,"comment_status":"closed","ping_status":"open","sticky":false,"template":"","format":"standard","meta":{"_joinchat":[],"footnotes":""},"categories":[8],"tags":[],"class_list":["post-4467","post","type-post","status-publish","format-standard","has-post-thumbnail","hentry","category-noticia"],"_links":{"self":[{"href":"https:\/\/sindesp.org.br\/index.php\/wp-json\/wp\/v2\/posts\/4467","targetHints":{"allow":["GET"]}}],"collection":[{"href":"https:\/\/sindesp.org.br\/index.php\/wp-json\/wp\/v2\/posts"}],"about":[{"href":"https:\/\/sindesp.org.br\/index.php\/wp-json\/wp\/v2\/types\/post"}],"author":[{"embeddable":true,"href":"https:\/\/sindesp.org.br\/index.php\/wp-json\/wp\/v2\/users\/1"}],"replies":[{"embeddable":true,"href":"https:\/\/sindesp.org.br\/index.php\/wp-json\/wp\/v2\/comments?post=4467"}],"version-history":[{"count":1,"href":"https:\/\/sindesp.org.br\/index.php\/wp-json\/wp\/v2\/posts\/4467\/revisions"}],"predecessor-version":[{"id":4469,"href":"https:\/\/sindesp.org.br\/index.php\/wp-json\/wp\/v2\/posts\/4467\/revisions\/4469"}],"wp:featuredmedia":[{"embeddable":true,"href":"https:\/\/sindesp.org.br\/index.php\/wp-json\/wp\/v2\/media\/4468"}],"wp:attachment":[{"href":"https:\/\/sindesp.org.br\/index.php\/wp-json\/wp\/v2\/media?parent=4467"}],"wp:term":[{"taxonomy":"category","embeddable":true,"href":"https:\/\/sindesp.org.br\/index.php\/wp-json\/wp\/v2\/categories?post=4467"},{"taxonomy":"post_tag","embeddable":true,"href":"https:\/\/sindesp.org.br\/index.php\/wp-json\/wp\/v2\/tags?post=4467"}],"curies":[{"name":"wp","href":"https:\/\/api.w.org\/{rel}","templated":true}]}}