{"id":4470,"date":"2025-12-26T08:13:46","date_gmt":"2025-12-26T11:13:46","guid":{"rendered":"https:\/\/sindesp.org.br\/?p=4470"},"modified":"2025-12-26T08:13:46","modified_gmt":"2025-12-26T11:13:46","slug":"dia-da-confraternizacao-universal-1o-de-janeiro-quinta-feira-feriado-civico","status":"publish","type":"post","link":"https:\/\/sindesp.org.br\/index.php\/2025\/12\/26\/dia-da-confraternizacao-universal-1o-de-janeiro-quinta-feira-feriado-civico\/","title":{"rendered":"DIA DA CONFRATERNIZA\u00c7\u00c3O UNIVERSAL (1\u00ba DE JANEIRO) QUINTA- FEIRA FERIADO C\u00cdVICO"},"content":{"rendered":"<p>A diretoria e servidores do SINDESP apresentam boas-vindas ao ano de 2026 e desejam aos filiados, em especial, aos novos sindicalizados, colegas, amigos e seus valorosos familiares um feliz ano novo 2026 com muita paz, alegria, amizade, sa\u00fade sucesso, esperan\u00e7a, amor, prosperidade, sabedoria, conquistas, f\u00e9, renova\u00e7\u00e3o, otimismo, realiza\u00e7\u00e3o de sonhos e felicidade<\/p>\n<p>A Confraterniza\u00e7\u00e3o Universal, celebrada em 1\u00ba de janeiro,\u00a0simboliza a uni\u00e3o, paz e fraternidade entre todos os povos, marcando o in\u00edcio de um novo ciclo com esperan\u00e7a de renova\u00e7\u00e3o, solidariedade e respeito \u00e0s diferen\u00e7as, sendo um feriado nacional no Brasil desde 1935, Lei n\u00famero 108 de 29\/10\/1935, no governo Get\u00falio Vargas, ligado tamb\u00e9m ao Dia Mundial da Paz (iniciado pelo Papa Paulo VI) e ao recome\u00e7o do ano novo.Embora muitas fontes divulguem que o Dia da Confraterniza\u00e7\u00e3o Universal tenha sido criado pela Organiza\u00e7\u00e3o das Na\u00e7\u00f5es Unidas (ONU), a data n\u00e3o consta no seu calend\u00e1rio.<br \/>\nA chegada de um ano sempre desperta a expectativa pela abertura de um novo ciclo, cheio de transforma\u00e7\u00f5es. Ao brindar o recome\u00e7o, al\u00e9m de sorte, tamb\u00e9m s\u00e3o bem-vindos os desejos de paz e fraternidade.<\/p>\n","protected":false},"excerpt":{"rendered":"<p>A diretoria e servidores do SINDESP apresentam boas-vindas ao ano de 2026 e desejam aos filiados, em especial, aos novos sindicalizados, colegas, amigos e seus valorosos familiares um feliz ano novo 2026 com muita paz, alegria, amizade, sa\u00fade sucesso, esperan\u00e7a, amor, prosperidade, sabedoria, conquistas, f\u00e9, renova\u00e7\u00e3o, otimismo, realiza\u00e7\u00e3o de sonhos e felicidade A Confraterniza\u00e7\u00e3o Universal, celebrada em 1\u00ba de janeiro,\u00a0simboliza a uni\u00e3o, paz e fraternidade entre todos os povos, marcando o in\u00edcio de um novo ciclo com esperan\u00e7a de renova\u00e7\u00e3o, solidariedade e respeito \u00e0s diferen\u00e7as, sendo um feriado nacional no Brasil desde 1935, Lei n\u00famero 108 de 29\/10\/1935, no governo Get\u00falio Vargas, ligado tamb\u00e9m ao Dia Mundial da Paz (iniciado pelo Papa Paulo VI) e ao recome\u00e7o do ano novo.Embora muitas fontes divulguem que o Dia da Confraterniza\u00e7\u00e3o Universal tenha sido criado pela Organiza\u00e7\u00e3o das Na\u00e7\u00f5es Unidas (ONU), a data n\u00e3o consta no seu calend\u00e1rio. A chegada de um ano sempre desperta a expectativa pela abertura de um novo ciclo, cheio de transforma\u00e7\u00f5es. Ao brindar o recome\u00e7o, al\u00e9m de sorte, tamb\u00e9m s\u00e3o bem-vindos os desejos de paz e fraternidade.<\/p>\n","protected":false},"author":1,"featured_media":4471,"comment_status":"closed","ping_status":"open","sticky":false,"template":"","format":"standard","meta":{"_joinchat":[],"footnotes":""},"categories":[5],"tags":[],"class_list":["post-4470","post","type-post","status-publish","format-standard","has-post-thumbnail","hentry","category-destaques"],"_links":{"self":[{"href":"https:\/\/sindesp.org.br\/index.php\/wp-json\/wp\/v2\/posts\/4470","targetHints":{"allow":["GET"]}}],"collection":[{"href":"https:\/\/sindesp.org.br\/index.php\/wp-json\/wp\/v2\/posts"}],"about":[{"href":"https:\/\/sindesp.org.br\/index.php\/wp-json\/wp\/v2\/types\/post"}],"author":[{"embeddable":true,"href":"https:\/\/sindesp.org.br\/index.php\/wp-json\/wp\/v2\/users\/1"}],"replies":[{"embeddable":true,"href":"https:\/\/sindesp.org.br\/index.php\/wp-json\/wp\/v2\/comments?post=4470"}],"version-history":[{"count":1,"href":"https:\/\/sindesp.org.br\/index.php\/wp-json\/wp\/v2\/posts\/4470\/revisions"}],"predecessor-version":[{"id":4472,"href":"https:\/\/sindesp.org.br\/index.php\/wp-json\/wp\/v2\/posts\/4470\/revisions\/4472"}],"wp:featuredmedia":[{"embeddable":true,"href":"https:\/\/sindesp.org.br\/index.php\/wp-json\/wp\/v2\/media\/4471"}],"wp:attachment":[{"href":"https:\/\/sindesp.org.br\/index.php\/wp-json\/wp\/v2\/media?parent=4470"}],"wp:term":[{"taxonomy":"category","embeddable":true,"href":"https:\/\/sindesp.org.br\/index.php\/wp-json\/wp\/v2\/categories?post=4470"},{"taxonomy":"post_tag","embeddable":true,"href":"https:\/\/sindesp.org.br\/index.php\/wp-json\/wp\/v2\/tags?post=4470"}],"curies":[{"name":"wp","href":"https:\/\/api.w.org\/{rel}","templated":true}]}}