{"id":4480,"date":"2025-12-30T12:52:57","date_gmt":"2025-12-30T15:52:57","guid":{"rendered":"https:\/\/sindesp.org.br\/?p=4480"},"modified":"2025-12-30T12:52:57","modified_gmt":"2025-12-30T15:52:57","slug":"1o-de-janeiro-dia-mundial-da-paz","status":"publish","type":"post","link":"https:\/\/sindesp.org.br\/index.php\/2025\/12\/30\/1o-de-janeiro-dia-mundial-da-paz\/","title":{"rendered":"1\u00ba DE JANEIRO \u2014 DIA MUNDIAL DA PAZ"},"content":{"rendered":"<p><img fetchpriority=\"high\" decoding=\"async\" class=\"size-medium wp-image-4481 aligncenter\" src=\"https:\/\/sindesp.org.br\/wp-content\/uploads\/2025\/12\/WhatsApp-Image-2025-12-30-at-11.34.24-300x266.jpeg\" alt=\"\" width=\"300\" height=\"266\" srcset=\"https:\/\/sindesp.org.br\/wp-content\/uploads\/2025\/12\/WhatsApp-Image-2025-12-30-at-11.34.24-300x266.jpeg 300w, https:\/\/sindesp.org.br\/wp-content\/uploads\/2025\/12\/WhatsApp-Image-2025-12-30-at-11.34.24.jpeg 329w\" sizes=\"(max-width: 300px) 100vw, 300px\" \/><br \/>\nO Dia Mundial da Paz \u00e9 uma celebra\u00e7\u00e3o de origem\u00a0cat\u00f3lica realizada\u00a0anualmente\u00a0no dia 1\u00ba de janeiro. Essa data tem como objetivo a celebra\u00e7\u00e3o e promo\u00e7\u00e3o da paz. Foi criada, em 1967, pelo papa Paulo VI, sendo celebrada, pela primeira vez, em 1968. O objetivo dessa celebra\u00e7\u00e3o \u00e9 promover uma cultura de paz na humanidade, n\u00e3o apenas entre os cat\u00f3licos. A celebra\u00e7\u00e3o \u00e9 realizada na Solenidade de Maria, m\u00e3e de Deus, uma festividade relacionada com o per\u00edodo natalino. \u00c9 importante pontuar que o Dia Mundial da Paz\u00a0n\u00e3o pode ser confundido com o Dia Internacional da Paz. Essa segunda data foi criada\u00a0pela Organiza\u00e7\u00e3o das Na\u00e7\u00f5es Unidas (ONU), sendo celebrada em 21 de setembro. No dia 1\u00ba de janeiro, tamb\u00e9m \u00e9 celebrado o Dia da Confraterniza\u00e7\u00e3o Universal, uma data comemorativa diferente do Dia Mundial da Paz mas que tamb\u00e9m celebra a paz entre a humanidade.<\/p>\n<p>O Dia da Confraterniza\u00e7\u00e3o Universal, inclusive, \u00e9 um feriado nacional no Brasil. O Dia Mundial da Paz\u00a0tem como proposta a defesa da paz e a constru\u00e7\u00e3o de uma cultura de paz entre a humanidade, garantindo um conv\u00edvio harm\u00f4nico e pac\u00edfico entre os povos. O intuito desse dia n\u00e3o \u00e9 para que apenas os cat\u00f3licos celebrem e defendam a paz, mas todos os povos de todas as religi\u00f5es. Al\u00e9m disso, a celebra\u00e7\u00e3o\u00a0deve ser parte de um esfor\u00e7o de todos os indiv\u00edduos, e n\u00e3o apenas dos Estados, pela paz. A constru\u00e7\u00e3o da paz passa pelo conv\u00edvio respeitoso e harm\u00f4nico entre as na\u00e7\u00f5es mas tamb\u00e9m entre os indiv\u00edduos. Por fim, deve-se entender que a luta pela paz passa, obrigatoriamente, pela defesa\u00a0dos Direitos Humanos.<\/p>\n","protected":false},"excerpt":{"rendered":"<p>O Dia Mundial da Paz \u00e9 uma celebra\u00e7\u00e3o de origem\u00a0cat\u00f3lica realizada\u00a0anualmente\u00a0no dia 1\u00ba de janeiro. Essa data tem como objetivo a celebra\u00e7\u00e3o e promo\u00e7\u00e3o da paz. Foi criada, em 1967, pelo papa Paulo VI, sendo celebrada, pela primeira vez, em 1968. O objetivo dessa celebra\u00e7\u00e3o \u00e9 promover uma cultura de paz na humanidade, n\u00e3o apenas entre os cat\u00f3licos. A celebra\u00e7\u00e3o \u00e9 realizada na Solenidade de Maria, m\u00e3e de Deus, uma festividade relacionada com o per\u00edodo natalino. \u00c9 importante pontuar que o Dia Mundial da Paz\u00a0n\u00e3o pode ser confundido com o Dia Internacional da Paz. Essa segunda data foi criada\u00a0pela Organiza\u00e7\u00e3o das Na\u00e7\u00f5es Unidas (ONU), sendo celebrada em 21 de setembro. No dia 1\u00ba de janeiro, tamb\u00e9m \u00e9 celebrado o Dia da Confraterniza\u00e7\u00e3o Universal, uma data comemorativa diferente do Dia Mundial da Paz mas que tamb\u00e9m celebra a paz entre a humanidade. O Dia da Confraterniza\u00e7\u00e3o Universal, inclusive, \u00e9 um feriado nacional no Brasil. O Dia Mundial da Paz\u00a0tem como proposta a defesa da paz e a constru\u00e7\u00e3o de uma cultura de paz entre a humanidade, garantindo um conv\u00edvio harm\u00f4nico e pac\u00edfico entre os povos. O intuito desse dia n\u00e3o \u00e9 para que apenas os cat\u00f3licos celebrem e defendam a paz, mas todos os povos de todas as religi\u00f5es. Al\u00e9m disso, a celebra\u00e7\u00e3o\u00a0deve ser parte de um esfor\u00e7o de todos os indiv\u00edduos, e n\u00e3o apenas dos Estados, pela paz. A constru\u00e7\u00e3o da paz passa pelo conv\u00edvio respeitoso e harm\u00f4nico entre as na\u00e7\u00f5es mas tamb\u00e9m entre os indiv\u00edduos. Por fim, deve-se entender que a luta pela paz passa, obrigatoriamente, pela defesa\u00a0dos Direitos Humanos.<\/p>\n","protected":false},"author":1,"featured_media":0,"comment_status":"closed","ping_status":"open","sticky":false,"template":"","format":"standard","meta":{"_joinchat":[],"footnotes":""},"categories":[36],"tags":[],"class_list":["post-4480","post","type-post","status-publish","format-standard","hentry","category-blog"],"_links":{"self":[{"href":"https:\/\/sindesp.org.br\/index.php\/wp-json\/wp\/v2\/posts\/4480","targetHints":{"allow":["GET"]}}],"collection":[{"href":"https:\/\/sindesp.org.br\/index.php\/wp-json\/wp\/v2\/posts"}],"about":[{"href":"https:\/\/sindesp.org.br\/index.php\/wp-json\/wp\/v2\/types\/post"}],"author":[{"embeddable":true,"href":"https:\/\/sindesp.org.br\/index.php\/wp-json\/wp\/v2\/users\/1"}],"replies":[{"embeddable":true,"href":"https:\/\/sindesp.org.br\/index.php\/wp-json\/wp\/v2\/comments?post=4480"}],"version-history":[{"count":1,"href":"https:\/\/sindesp.org.br\/index.php\/wp-json\/wp\/v2\/posts\/4480\/revisions"}],"predecessor-version":[{"id":4482,"href":"https:\/\/sindesp.org.br\/index.php\/wp-json\/wp\/v2\/posts\/4480\/revisions\/4482"}],"wp:attachment":[{"href":"https:\/\/sindesp.org.br\/index.php\/wp-json\/wp\/v2\/media?parent=4480"}],"wp:term":[{"taxonomy":"category","embeddable":true,"href":"https:\/\/sindesp.org.br\/index.php\/wp-json\/wp\/v2\/categories?post=4480"},{"taxonomy":"post_tag","embeddable":true,"href":"https:\/\/sindesp.org.br\/index.php\/wp-json\/wp\/v2\/tags?post=4480"}],"curies":[{"name":"wp","href":"https:\/\/api.w.org\/{rel}","templated":true}]}}