{"id":4483,"date":"2025-12-30T13:09:05","date_gmt":"2025-12-30T16:09:05","guid":{"rendered":"https:\/\/sindesp.org.br\/?p=4483"},"modified":"2025-12-30T13:09:11","modified_gmt":"2025-12-30T16:09:11","slug":"empossado-mais-um-professor-efetivo-da-uece","status":"publish","type":"post","link":"https:\/\/sindesp.org.br\/index.php\/2025\/12\/30\/empossado-mais-um-professor-efetivo-da-uece\/","title":{"rendered":"EMPOSSADO MAIS UM PROFESSOR EFETIVO DA UECE"},"content":{"rendered":"<p>Foi empossado no dia 22.12.2025 mais um novo professor efetivo (UECE). O evento de investidura ocorreu no Gabinete da Reitoria no campus O empossado \u00e9 Walter Ferreira de Fran\u00e7a Filho, que ser\u00e1 lotado na Faculdade de Educa\u00e7\u00e3o e Ci\u00eancias Integradas do Sert\u00e3o de Canind\u00e9 (FECISC), unidade integrante da UECE.<\/p>\n<p>O reitor professor Hidelbrando Soares parabenizou o Sr. Walter e familiares presentes, em especial a genitora, Senhora M\u00e1rcia do admitido no magist\u00e9rio superior e notabilizou a import\u00e2ncia e os desafios na miss\u00e3o de professor no mundo hodierno. Entre as autoridades universit\u00e1rias presentes, estavam tamb\u00e9m o vice-reitor, professor D\u00c1RCIO Teixeira; o chefe de gabinete da Reitoria, professor Altemar Muniz; a pr\u00f3-reitora de Gradua\u00e7\u00e3o, professora MAZZA Maciel; o diretor do Departamento de Gest\u00e3o de Pessoa (DEGEP), servidor Rodrigo Ribeiro; a Diretora da Divis\u00e3o de Admiss\u00e3o e Desempenho (DIADES), servidora Lia Carvalho; o vice coordenador do curso de Pedagogia da FECISC, professor Victor Hugo de Oliveira; e demais familiares do novo docente.<\/p>\n","protected":false},"excerpt":{"rendered":"<p>Foi empossado no dia 22.12.2025 mais um novo professor efetivo (UECE). O evento de investidura ocorreu no Gabinete da Reitoria no campus O empossado \u00e9 Walter Ferreira de Fran\u00e7a Filho, que ser\u00e1 lotado na Faculdade de Educa\u00e7\u00e3o e Ci\u00eancias Integradas do Sert\u00e3o de Canind\u00e9 (FECISC), unidade integrante da UECE. O reitor professor Hidelbrando Soares parabenizou o Sr. Walter e familiares presentes, em especial a genitora, Senhora M\u00e1rcia do admitido no magist\u00e9rio superior e notabilizou a import\u00e2ncia e os desafios na miss\u00e3o de professor no mundo hodierno. Entre as autoridades universit\u00e1rias presentes, estavam tamb\u00e9m o vice-reitor, professor D\u00c1RCIO Teixeira; o chefe de gabinete da Reitoria, professor Altemar Muniz; a pr\u00f3-reitora de Gradua\u00e7\u00e3o, professora MAZZA Maciel; o diretor do Departamento de Gest\u00e3o de Pessoa (DEGEP), servidor Rodrigo Ribeiro; a Diretora da Divis\u00e3o de Admiss\u00e3o e Desempenho (DIADES), servidora Lia Carvalho; o vice coordenador do curso de Pedagogia da FECISC, professor Victor Hugo de Oliveira; e demais familiares do novo docente.<\/p>\n","protected":false},"author":1,"featured_media":4484,"comment_status":"closed","ping_status":"open","sticky":false,"template":"","format":"standard","meta":{"_joinchat":[],"footnotes":""},"categories":[5],"tags":[],"class_list":["post-4483","post","type-post","status-publish","format-standard","has-post-thumbnail","hentry","category-destaques"],"_links":{"self":[{"href":"https:\/\/sindesp.org.br\/index.php\/wp-json\/wp\/v2\/posts\/4483","targetHints":{"allow":["GET"]}}],"collection":[{"href":"https:\/\/sindesp.org.br\/index.php\/wp-json\/wp\/v2\/posts"}],"about":[{"href":"https:\/\/sindesp.org.br\/index.php\/wp-json\/wp\/v2\/types\/post"}],"author":[{"embeddable":true,"href":"https:\/\/sindesp.org.br\/index.php\/wp-json\/wp\/v2\/users\/1"}],"replies":[{"embeddable":true,"href":"https:\/\/sindesp.org.br\/index.php\/wp-json\/wp\/v2\/comments?post=4483"}],"version-history":[{"count":1,"href":"https:\/\/sindesp.org.br\/index.php\/wp-json\/wp\/v2\/posts\/4483\/revisions"}],"predecessor-version":[{"id":4485,"href":"https:\/\/sindesp.org.br\/index.php\/wp-json\/wp\/v2\/posts\/4483\/revisions\/4485"}],"wp:featuredmedia":[{"embeddable":true,"href":"https:\/\/sindesp.org.br\/index.php\/wp-json\/wp\/v2\/media\/4484"}],"wp:attachment":[{"href":"https:\/\/sindesp.org.br\/index.php\/wp-json\/wp\/v2\/media?parent=4483"}],"wp:term":[{"taxonomy":"category","embeddable":true,"href":"https:\/\/sindesp.org.br\/index.php\/wp-json\/wp\/v2\/categories?post=4483"},{"taxonomy":"post_tag","embeddable":true,"href":"https:\/\/sindesp.org.br\/index.php\/wp-json\/wp\/v2\/tags?post=4483"}],"curies":[{"name":"wp","href":"https:\/\/api.w.org\/{rel}","templated":true}]}}