{"id":4487,"date":"2026-01-06T17:21:28","date_gmt":"2026-01-06T20:21:28","guid":{"rendered":"https:\/\/sindesp.org.br\/?p=4487"},"modified":"2026-01-06T17:21:28","modified_gmt":"2026-01-06T20:21:28","slug":"dia-de-reis","status":"publish","type":"post","link":"https:\/\/sindesp.org.br\/index.php\/2026\/01\/06\/dia-de-reis\/","title":{"rendered":"DIA DE REIS"},"content":{"rendered":"<p><img fetchpriority=\"high\" decoding=\"async\" class=\"size-medium wp-image-4488 aligncenter\" src=\"https:\/\/sindesp.org.br\/wp-content\/uploads\/2026\/01\/WhatsApp-Image-2026-01-06-at-14.59.21-300x231.jpeg\" alt=\"\" width=\"300\" height=\"231\" srcset=\"https:\/\/sindesp.org.br\/wp-content\/uploads\/2026\/01\/WhatsApp-Image-2026-01-06-at-14.59.21-300x231.jpeg 300w, https:\/\/sindesp.org.br\/wp-content\/uploads\/2026\/01\/WhatsApp-Image-2026-01-06-at-14.59.21.jpeg 366w\" sizes=\"(max-width: 300px) 100vw, 300px\" \/><br \/>\nDIA DE REIS \u00e9 uma celebra\u00e7\u00e3o religiosa realizada em nosso pa\u00eds no dia 6 de janeiro e relembra a viagem de reis magos, oriundos do Oriente, para conhecer e homenagear o MENINO JESUS. Essa hist\u00f3ria \u00e9 narrada no texto b\u00edblico, embora n\u00e3o tenhamos detalhes da origem, da posi\u00e7\u00e3o social nem de quantos magos eram. \u00c9 uma festividade tradicional da Igreja Cat\u00f3lica, muito habitual no Brasil, possuindo tradi\u00e7\u00f5es que podem sofrer varia\u00e7\u00f5es regionais. O Dia de Reis encerra o ciclo natalino, sendo momento que as decora\u00e7\u00f5es natalinas s\u00e3o desmontadas. O Dia de Reis \u00e9 uma data comemorativa ou Epifania do Senhor, presente no calend\u00e1rio lit\u00fargico da Igreja Cat\u00f3lica, memorada no dia 6 de janeiro.<\/p>\n<p>Essa data lembra a apari\u00e7\u00e3o dos reis magos ao local de nascimento de Jesus Cristo com o objetivo de prestar culto e ofertar presentes. Esse acontecimento tamb\u00e9m \u00e9 entendido como a primeira apari\u00e7\u00e3o ou manifesta\u00e7\u00e3o de Jesus, o Messias. \u00c9 celebrado 12 dias depois do nascimento de Jesus Cristo, o Natal. A festividade dos reis magos \u00e9 baseada no texto b\u00edblico, em especial no Evangelho de Mateus, que narra a ida desses magos do Oriente at\u00e9 Bel\u00e9m. A celebra\u00e7\u00e3o do Dia de Reis foi trazida para o Brasil por colonos portugueses e atualmente \u00e9 uma das manifesta\u00e7\u00f5es folcl\u00f3ricas mais significativas de nosso pa\u00eds.<\/p>\n<p>Tradi\u00e7\u00f5es do Dia de Reis &#8211; As apresenta\u00e7\u00f5es do Terno de Reis s\u00e3o uma das principais tradi\u00e7\u00f5es do Dia de Reis. As festas s\u00e3o conhecidas popularmente como Folia de Reis ou Reisado e est\u00e3o difundidas por diferentes regi\u00f5es do pa\u00eds. Uma das pr\u00e1ticas mais consolidadas da louva\u00e7\u00e3o do Dia de Reis s\u00e3o as visita\u00e7\u00f5es que grupos musicais chamados Terno de Reis costumam fazer \u00e0s resid\u00eancias.<\/p>\n<p>Quem s\u00e3o os reis magos lembrados no Dia de Reis? \u00c9 uma celebra\u00e7\u00e3o que relembra a viagem e a visita\u00e7\u00e3o dos reis magos a Jesus, ainda uma crian\u00e7a rec\u00e9m-nascida. Jesus estava em Bel\u00e9m, e os reis magos chegaram ofertando presentes a ele, sendo que estes eram incenso, mirra e ouro. O entendimento que se tem do texto b\u00edblico \u00e9 de que a men\u00e7\u00e3o a eles como magos devia-se ao fato de serem s\u00e1bios oriundos do Oriente. O relato sobre os reis magos na B\u00edblia \u00e9 encontrado no livro de Mateus, e l\u00e1 n\u00e3o h\u00e1 men\u00e7\u00e3o de que esses magos seriam reis. Acredita-se, portanto, que essa ideia deles como reis tenha sido adicionada \u00e0 tradi\u00e7\u00e3o religiosa crist\u00e3 durante a Idade M\u00e9dia. Existe tamb\u00e9m uma interpreta\u00e7\u00e3o que os associa com o zoroastrismo, religi\u00e3o tradicional da P\u00e9rsia, regi\u00e3o de onde supostamente os magos teriam vindo. Por sua vez, outros relatos apontam diferentes origens dos reis magos. Al\u00e9m disso, foi na Idade M\u00e9dia tamb\u00e9m que se estabeleceram os nomes desses magos. O texto b\u00edblico n\u00e3o falava os nomes desses magos, mas na Idade M\u00e9dia (ano 500) foi redigido um documento que mencionava os nomes de Baltasar, Gaspar e Melchior (podendo ser Belchior em algumas tradu\u00e7\u00f5es).<\/p>\n<p>Esse documento tem autoria desconhecida, e n\u00e3o se sabe se esses nomes j\u00e1 circulavam na tradi\u00e7\u00e3o religiosa da \u00e9poca. Outro mist\u00e9rio \u00e9 o total de reis magos, porque o texto b\u00edblico n\u00e3o fala a quantidade de magos que foram guiados por uma estrela at\u00e9 Jesus. Foi convencionado na tradi\u00e7\u00e3o crist\u00e3 falar em tr\u00eas reis magos porque o total de presentes entregues foi de tr\u00eas.<\/p>\n","protected":false},"excerpt":{"rendered":"<p>DIA DE REIS \u00e9 uma celebra\u00e7\u00e3o religiosa realizada em nosso pa\u00eds no dia 6 de janeiro e relembra a viagem de reis magos, oriundos do Oriente, para conhecer e homenagear o MENINO JESUS. Essa hist\u00f3ria \u00e9 narrada no texto b\u00edblico, embora n\u00e3o tenhamos detalhes da origem, da posi\u00e7\u00e3o social nem de quantos magos eram. \u00c9 uma festividade tradicional da Igreja Cat\u00f3lica, muito habitual no Brasil, possuindo tradi\u00e7\u00f5es que podem sofrer varia\u00e7\u00f5es regionais. O Dia de Reis encerra o ciclo natalino, sendo momento que as decora\u00e7\u00f5es natalinas s\u00e3o desmontadas. O Dia de Reis \u00e9 uma data comemorativa ou Epifania do Senhor, presente no calend\u00e1rio lit\u00fargico da Igreja Cat\u00f3lica, memorada no dia 6 de janeiro. Essa data lembra a apari\u00e7\u00e3o dos reis magos ao local de nascimento de Jesus Cristo com o objetivo de prestar culto e ofertar presentes. Esse acontecimento tamb\u00e9m \u00e9 entendido como a primeira apari\u00e7\u00e3o ou manifesta\u00e7\u00e3o de Jesus, o Messias. \u00c9 celebrado 12 dias depois do nascimento de Jesus Cristo, o Natal. A festividade dos reis magos \u00e9 baseada no texto b\u00edblico, em especial no Evangelho de Mateus, que narra a ida desses magos do Oriente at\u00e9 Bel\u00e9m. A celebra\u00e7\u00e3o do Dia de Reis foi trazida para o Brasil por colonos portugueses e atualmente \u00e9 uma das manifesta\u00e7\u00f5es folcl\u00f3ricas mais significativas de nosso pa\u00eds. Tradi\u00e7\u00f5es do Dia de Reis &#8211; As apresenta\u00e7\u00f5es do Terno de Reis s\u00e3o uma das principais tradi\u00e7\u00f5es do Dia de Reis. As festas s\u00e3o conhecidas popularmente como Folia de Reis ou Reisado e est\u00e3o difundidas por diferentes regi\u00f5es do pa\u00eds. Uma das pr\u00e1ticas mais consolidadas da louva\u00e7\u00e3o do Dia de Reis s\u00e3o as visita\u00e7\u00f5es que grupos musicais chamados Terno de Reis costumam fazer \u00e0s resid\u00eancias. Quem s\u00e3o os reis magos lembrados no Dia de Reis? \u00c9 uma celebra\u00e7\u00e3o que relembra a viagem e a visita\u00e7\u00e3o dos reis magos a Jesus, ainda uma crian\u00e7a rec\u00e9m-nascida. Jesus estava em Bel\u00e9m, e os reis magos chegaram ofertando presentes a ele, sendo que estes eram incenso, mirra e ouro. O entendimento que se tem do texto b\u00edblico \u00e9 de que a men\u00e7\u00e3o a eles como magos devia-se ao fato de serem s\u00e1bios oriundos do Oriente. O relato sobre os reis magos na B\u00edblia \u00e9 encontrado no livro de Mateus, e l\u00e1 n\u00e3o h\u00e1 men\u00e7\u00e3o de que esses magos seriam reis. Acredita-se, portanto, que essa ideia deles como reis tenha sido adicionada \u00e0 tradi\u00e7\u00e3o religiosa crist\u00e3 durante a Idade M\u00e9dia. Existe tamb\u00e9m uma interpreta\u00e7\u00e3o que os associa com o zoroastrismo, religi\u00e3o tradicional da P\u00e9rsia, regi\u00e3o de onde supostamente os magos teriam vindo. Por sua vez, outros relatos apontam diferentes origens dos reis magos. Al\u00e9m disso, foi na Idade M\u00e9dia tamb\u00e9m que se estabeleceram os nomes desses magos. O texto b\u00edblico n\u00e3o falava os nomes desses magos, mas na Idade M\u00e9dia (ano 500) foi redigido um documento que mencionava os nomes de Baltasar, Gaspar e Melchior (podendo ser Belchior em algumas tradu\u00e7\u00f5es). Esse documento tem autoria desconhecida, e n\u00e3o se sabe se esses nomes j\u00e1 circulavam na tradi\u00e7\u00e3o religiosa da \u00e9poca. Outro mist\u00e9rio \u00e9 o total de reis magos, porque o texto b\u00edblico n\u00e3o fala a quantidade de magos que foram guiados por uma estrela at\u00e9 Jesus. Foi convencionado na tradi\u00e7\u00e3o crist\u00e3 falar em tr\u00eas reis magos porque o total de presentes entregues foi de tr\u00eas.<\/p>\n","protected":false},"author":1,"featured_media":0,"comment_status":"closed","ping_status":"open","sticky":false,"template":"","format":"standard","meta":{"_joinchat":[],"footnotes":""},"categories":[36],"tags":[],"class_list":["post-4487","post","type-post","status-publish","format-standard","hentry","category-blog"],"_links":{"self":[{"href":"https:\/\/sindesp.org.br\/index.php\/wp-json\/wp\/v2\/posts\/4487","targetHints":{"allow":["GET"]}}],"collection":[{"href":"https:\/\/sindesp.org.br\/index.php\/wp-json\/wp\/v2\/posts"}],"about":[{"href":"https:\/\/sindesp.org.br\/index.php\/wp-json\/wp\/v2\/types\/post"}],"author":[{"embeddable":true,"href":"https:\/\/sindesp.org.br\/index.php\/wp-json\/wp\/v2\/users\/1"}],"replies":[{"embeddable":true,"href":"https:\/\/sindesp.org.br\/index.php\/wp-json\/wp\/v2\/comments?post=4487"}],"version-history":[{"count":1,"href":"https:\/\/sindesp.org.br\/index.php\/wp-json\/wp\/v2\/posts\/4487\/revisions"}],"predecessor-version":[{"id":4489,"href":"https:\/\/sindesp.org.br\/index.php\/wp-json\/wp\/v2\/posts\/4487\/revisions\/4489"}],"wp:attachment":[{"href":"https:\/\/sindesp.org.br\/index.php\/wp-json\/wp\/v2\/media?parent=4487"}],"wp:term":[{"taxonomy":"category","embeddable":true,"href":"https:\/\/sindesp.org.br\/index.php\/wp-json\/wp\/v2\/categories?post=4487"},{"taxonomy":"post_tag","embeddable":true,"href":"https:\/\/sindesp.org.br\/index.php\/wp-json\/wp\/v2\/tags?post=4487"}],"curies":[{"name":"wp","href":"https:\/\/api.w.org\/{rel}","templated":true}]}}