{"id":4528,"date":"2026-01-16T15:21:34","date_gmt":"2026-01-16T18:21:34","guid":{"rendered":"https:\/\/sindesp.org.br\/?p=4528"},"modified":"2026-01-16T15:21:34","modified_gmt":"2026-01-16T18:21:34","slug":"emancipacao-do-estado-do-ceara-227-anos","status":"publish","type":"post","link":"https:\/\/sindesp.org.br\/index.php\/2026\/01\/16\/emancipacao-do-estado-do-ceara-227-anos\/","title":{"rendered":"EMANCIPA\u00c7\u00c3O DO ESTADO DO CEAR\u00c1 \u2013 227 ANOS"},"content":{"rendered":"<p>O Cear\u00e1 teve o in\u00edcio de sua hist\u00f3ria marcada pela subordina\u00e7\u00e3o e obedi\u00eancia a\u00a0Pernambuco. Ambos os territ\u00f3rios estavam ligados institucionalmente \u00e0 Coroa Portuguesa, tratados como capitanias heredit\u00e1rias. A emancipa\u00e7\u00e3o do Estado foi garantida por Carta R\u00e9gia assinada pela Imperatriz de Portugal, D. Maria I, em virtude do crescimento populacional e econ\u00f4mico,\u00a0que apresentava a antiga capitania do Cear\u00e1. O dia 17 de janeiro foi institu\u00eddo como\u00a0parte do calend\u00e1rio oficial de eventos do Cear\u00e1 por meio da Lei n\u00ba 13.470, de 18 de maio de 2004.\u00a0 \u201cEm 1808, a Corte Portuguesa chegou ao Brasil e foi decretada a abertura dos portos. Essa liberdade comercial facilitou a vida dos produtores rurais e comerciantes cearenses, que passaram a ter um ganho maior.<\/p>\n<p>&nbsp;<\/p>\n<p>DADOS GERAIS DO CEAR\u00c1: Situado na Regi\u00e3o:\u00a0Nordeste- Capital:\u00a0Fortaleza &#8211; \u00c1rea:\u00a0Aprox. 148.894 km\u00b2 &#8211; Popula\u00e7\u00e3o &#8211; 9.268.836 habitantes (IBGE) &#8211; Densidade Demogr\u00e1fica (2022):\u00a0~59,07 hab\/km\u00b2 (IBGE) &#8211; Clima:\u00a0Predominantemente Tropical Semi\u00e1rido &#8211; Fronteiras: \u00a0Oceano Atl\u00e2ntico (Norte\/Nordeste), Rio Grande do Norte, Para\u00edba, Pernambuco e Piau\u00ed &#8211; \u00a0Demografia e Sociedade Maiores Cidades:\u00a0Fortaleza, Caucaia, Juazeiro do Norte, Maracana\u00fa, Sobral &#8211; Urbaniza\u00e7\u00e3o:\u00a0Popula\u00e7\u00e3o majoritariamente urbana, com alta concentra\u00e7\u00e3o em \u00e1reas metropolitanas &#8211; Cultura:\u00a0Ber\u00e7o de humoristas, escritores (Jos\u00e9 de Alencar, Rachel de Queiroz), literatura de cordel e s\u00edmbolo da jangada.<\/p>\n<p>&nbsp;<\/p>\n<p>ECONOMIA &#8211; Setores Fortes:\u00a0Turismo (litoral), T\u00eaxtil, Servi\u00e7os, Agroneg\u00f3cio (frutas) \u2013 PIB:(Valor Total:\u00a0R$ 232,23 bilh\u00f5es.)\u00a0Apresenta crescimento, com bons resultados em trimestres recentes &#8211; Recursos Naturais:\u00a0Litoral extenso com 573 km de praias.\u00a0Desafios: Seca &#8211; Hist\u00f3rico de irregularidade de chuvas e escassez h\u00eddrica, embora haja avan\u00e7os. -Desigualdade Social:\u00a0Desafios com acesso a saneamento e nutri\u00e7\u00e3o.\u00a0 CURIOSIDADES &#8211; Conhecido nacionalmente pelo humor, religiosidade popular e sua culin\u00e1ria rica em frutos do mar e frutas tropicais.<\/p>\n<p>&nbsp;<\/p>\n<p>RELIGIOSIDADE: Padroeiro &#8211; S\u00e3o Jos\u00e9 comemorado em 19 de mar\u00e7o &#8211; Destaque para o Cariri (Juazeiro do Norte, Crato e Barbalha) grandes polos de tradicionais festas religiosas. \u2013 Juazeiro: o\u00a0maior centro de peregrina\u00e7\u00e3o religiosa do Cear\u00e1 e do Nordeste brasileiro, sendo reconhecida como a\u00a0&#8220;Capital da F\u00e9 do Cear\u00e1&#8221;. Toda essa religiosidade est\u00e1 intrinsecamente ligada \u00e0 figura de\u00a0Padre C\u00edcero Rom\u00e3o Batista &#8211; CANIND\u00c9:\u00a0\u00c9 o local do Santu\u00e1rio de S\u00e3o Francisco das Chagas, um dos maiores centros de peregrina\u00e7\u00e3o franciscana do mundo. A cidade recebe uma das maiores romarias do pa\u00eds anualmente, em homenagem ao santo. CRATO:\u00a0Considerado o munic\u00edpio com a maior propor\u00e7\u00e3o de cat\u00f3licos no Cear\u00e1 entre as cidades com mais de 100 mil habitantes, o Crato possui uma forte tradi\u00e7\u00e3o religiosa e hist\u00f3rica. SANTANA DO CARIRI:\u00a0Destaca-se como um polo de turismo religioso crescente devido \u00e0 figura da\u00a0Beata Benigna, a primeira beata do Cear\u00e1. Um grande complexo religioso est\u00e1 sendo constru\u00eddo no local para acolher os devotos e romeiros. FORTALEZA:\u00a0A capital cearense tamb\u00e9m possui locais de grande import\u00e2ncia religiosa, como a\u00a0Catedral Metropolitana de Fortaleza\u00a0(sede da Arquidiocese) e diversos santu\u00e1rios que s\u00e3o pontos de adora\u00e7\u00e3o e peregrina\u00e7\u00e3o, como o Santu\u00e1rio de Nossa Senhora de F\u00e1tima e o Santu\u00e1rio Arquidiocesano de Adora\u00e7\u00e3o Par\u00f3quia S\u00e3o Benedito.<\/p>\n<p>&nbsp;<\/p>\n<p>A Diretoria, filiados e servidores do SINDEP parabenizam o Estado do Cear\u00e1 por seus 227 anos de muita hist\u00f3ria, amor, dedica\u00e7\u00e3o e trabalho a todos os cearenses. Desejamos ver esse Estado crescer e se desenvolver ainda nesse novo ano! Feliz anivers\u00e1rio<\/p>\n","protected":false},"excerpt":{"rendered":"<p>O Cear\u00e1 teve o in\u00edcio de sua hist\u00f3ria marcada pela subordina\u00e7\u00e3o e obedi\u00eancia a\u00a0Pernambuco. Ambos os territ\u00f3rios estavam ligados institucionalmente \u00e0 Coroa Portuguesa, tratados como capitanias heredit\u00e1rias. A emancipa\u00e7\u00e3o do Estado foi garantida por Carta R\u00e9gia assinada pela Imperatriz de Portugal, D. Maria I, em virtude do crescimento populacional e econ\u00f4mico,\u00a0que apresentava a antiga capitania do Cear\u00e1. O dia 17 de janeiro foi institu\u00eddo como\u00a0parte do calend\u00e1rio oficial de eventos do Cear\u00e1 por meio da Lei n\u00ba 13.470, de 18 de maio de 2004.\u00a0 \u201cEm 1808, a Corte Portuguesa chegou ao Brasil e foi decretada a abertura dos portos. Essa liberdade comercial facilitou a vida dos produtores rurais e comerciantes cearenses, que passaram a ter um ganho maior. &nbsp; DADOS GERAIS DO CEAR\u00c1: Situado na Regi\u00e3o:\u00a0Nordeste- Capital:\u00a0Fortaleza &#8211; \u00c1rea:\u00a0Aprox. 148.894 km\u00b2 &#8211; Popula\u00e7\u00e3o &#8211; 9.268.836 habitantes (IBGE) &#8211; Densidade Demogr\u00e1fica (2022):\u00a0~59,07 hab\/km\u00b2 (IBGE) &#8211; Clima:\u00a0Predominantemente Tropical Semi\u00e1rido &#8211; Fronteiras: \u00a0Oceano Atl\u00e2ntico (Norte\/Nordeste), Rio Grande do Norte, Para\u00edba, Pernambuco e Piau\u00ed &#8211; \u00a0Demografia e Sociedade Maiores Cidades:\u00a0Fortaleza, Caucaia, Juazeiro do Norte, Maracana\u00fa, Sobral &#8211; Urbaniza\u00e7\u00e3o:\u00a0Popula\u00e7\u00e3o majoritariamente urbana, com alta concentra\u00e7\u00e3o em \u00e1reas metropolitanas &#8211; Cultura:\u00a0Ber\u00e7o de humoristas, escritores (Jos\u00e9 de Alencar, Rachel de Queiroz), literatura de cordel e s\u00edmbolo da jangada. &nbsp; ECONOMIA &#8211; Setores Fortes:\u00a0Turismo (litoral), T\u00eaxtil, Servi\u00e7os, Agroneg\u00f3cio (frutas) \u2013 PIB:(Valor Total:\u00a0R$ 232,23 bilh\u00f5es.)\u00a0Apresenta crescimento, com bons resultados em trimestres recentes &#8211; Recursos Naturais:\u00a0Litoral extenso com 573 km de praias.\u00a0Desafios: Seca &#8211; Hist\u00f3rico de irregularidade de chuvas e escassez h\u00eddrica, embora haja avan\u00e7os. -Desigualdade Social:\u00a0Desafios com acesso a saneamento e nutri\u00e7\u00e3o.\u00a0 CURIOSIDADES &#8211; Conhecido nacionalmente pelo humor, religiosidade popular e sua culin\u00e1ria rica em frutos do mar e frutas tropicais. &nbsp; RELIGIOSIDADE: Padroeiro &#8211; S\u00e3o Jos\u00e9 comemorado em 19 de mar\u00e7o &#8211; Destaque para o Cariri (Juazeiro do Norte, Crato e Barbalha) grandes polos de tradicionais festas religiosas. \u2013 Juazeiro: o\u00a0maior centro de peregrina\u00e7\u00e3o religiosa do Cear\u00e1 e do Nordeste brasileiro, sendo reconhecida como a\u00a0&#8220;Capital da F\u00e9 do Cear\u00e1&#8221;. Toda essa religiosidade est\u00e1 intrinsecamente ligada \u00e0 figura de\u00a0Padre C\u00edcero Rom\u00e3o Batista &#8211; CANIND\u00c9:\u00a0\u00c9 o local do Santu\u00e1rio de S\u00e3o Francisco das Chagas, um dos maiores centros de peregrina\u00e7\u00e3o franciscana do mundo. A cidade recebe uma das maiores romarias do pa\u00eds anualmente, em homenagem ao santo. CRATO:\u00a0Considerado o munic\u00edpio com a maior propor\u00e7\u00e3o de cat\u00f3licos no Cear\u00e1 entre as cidades com mais de 100 mil habitantes, o Crato possui uma forte tradi\u00e7\u00e3o religiosa e hist\u00f3rica. SANTANA DO CARIRI:\u00a0Destaca-se como um polo de turismo religioso crescente devido \u00e0 figura da\u00a0Beata Benigna, a primeira beata do Cear\u00e1. Um grande complexo religioso est\u00e1 sendo constru\u00eddo no local para acolher os devotos e romeiros. FORTALEZA:\u00a0A capital cearense tamb\u00e9m possui locais de grande import\u00e2ncia religiosa, como a\u00a0Catedral Metropolitana de Fortaleza\u00a0(sede da Arquidiocese) e diversos santu\u00e1rios que s\u00e3o pontos de adora\u00e7\u00e3o e peregrina\u00e7\u00e3o, como o Santu\u00e1rio de Nossa Senhora de F\u00e1tima e o Santu\u00e1rio Arquidiocesano de Adora\u00e7\u00e3o Par\u00f3quia S\u00e3o Benedito. &nbsp; A Diretoria, filiados e servidores do SINDEP parabenizam o Estado do Cear\u00e1 por seus 227 anos de muita hist\u00f3ria, amor, dedica\u00e7\u00e3o e trabalho a todos os cearenses. Desejamos ver esse Estado crescer e se desenvolver ainda nesse novo ano! Feliz anivers\u00e1rio<\/p>\n","protected":false},"author":1,"featured_media":4529,"comment_status":"closed","ping_status":"open","sticky":false,"template":"","format":"standard","meta":{"_joinchat":[],"footnotes":""},"categories":[5],"tags":[],"class_list":["post-4528","post","type-post","status-publish","format-standard","has-post-thumbnail","hentry","category-destaques"],"_links":{"self":[{"href":"https:\/\/sindesp.org.br\/index.php\/wp-json\/wp\/v2\/posts\/4528","targetHints":{"allow":["GET"]}}],"collection":[{"href":"https:\/\/sindesp.org.br\/index.php\/wp-json\/wp\/v2\/posts"}],"about":[{"href":"https:\/\/sindesp.org.br\/index.php\/wp-json\/wp\/v2\/types\/post"}],"author":[{"embeddable":true,"href":"https:\/\/sindesp.org.br\/index.php\/wp-json\/wp\/v2\/users\/1"}],"replies":[{"embeddable":true,"href":"https:\/\/sindesp.org.br\/index.php\/wp-json\/wp\/v2\/comments?post=4528"}],"version-history":[{"count":1,"href":"https:\/\/sindesp.org.br\/index.php\/wp-json\/wp\/v2\/posts\/4528\/revisions"}],"predecessor-version":[{"id":4530,"href":"https:\/\/sindesp.org.br\/index.php\/wp-json\/wp\/v2\/posts\/4528\/revisions\/4530"}],"wp:featuredmedia":[{"embeddable":true,"href":"https:\/\/sindesp.org.br\/index.php\/wp-json\/wp\/v2\/media\/4529"}],"wp:attachment":[{"href":"https:\/\/sindesp.org.br\/index.php\/wp-json\/wp\/v2\/media?parent=4528"}],"wp:term":[{"taxonomy":"category","embeddable":true,"href":"https:\/\/sindesp.org.br\/index.php\/wp-json\/wp\/v2\/categories?post=4528"},{"taxonomy":"post_tag","embeddable":true,"href":"https:\/\/sindesp.org.br\/index.php\/wp-json\/wp\/v2\/tags?post=4528"}],"curies":[{"name":"wp","href":"https:\/\/api.w.org\/{rel}","templated":true}]}}