{"id":4658,"date":"2026-03-04T14:28:02","date_gmt":"2026-03-04T17:28:02","guid":{"rendered":"https:\/\/sindesp.org.br\/?p=4658"},"modified":"2026-03-04T14:28:02","modified_gmt":"2026-03-04T17:28:02","slug":"medicina-docente-jalles-dantas-de-lucena","status":"publish","type":"post","link":"https:\/\/sindesp.org.br\/index.php\/2026\/03\/04\/medicina-docente-jalles-dantas-de-lucena\/","title":{"rendered":"Medicina &#8211; Docente, JALLES Dantas de Lucena."},"content":{"rendered":"<p>A (UECE) empossou, o docente, JALLES Dantas de Lucena, que passa a integrar o curso de Medicina da Faculdade de Educa\u00e7\u00e3o e Ci\u00eancias Integradas de Crate\u00fas (FAEC),<br \/>\nA cerim\u00f4nia foi conduzida pelo reitor da UECE, professor Hidelbrando Soares, que destacou a relev\u00e2ncia da chegada do novo mestre em um momento de crescimento e reconhecimento institucional. Segundo o gestor, o curso de Medicina de Fortaleza da Universidade est\u00e1 entre os dez melhores avaliados do Brasil, no ENAMED, ocupando a primeira posi\u00e7\u00e3o nas regi\u00f5es Norte, Nordeste e Centro-Oeste. Ao dar as boas-vindas ao novo professor, o reitor enfatizou ainda a import\u00e2ncia de manter o compromisso com a qualidade do ensino e desejou que o docente considere a Universidade como sua casa, enfrentando com determina\u00e7\u00e3o os desafios da carreira acad\u00eamica.<\/p>\n<p>Estiveram presentes \u00e0 solenidade a assessora da PR\u00d3-REITORIA de Gradua\u00e7\u00e3o, professora Sarah Varela, representando a pr\u00f3-reitora MAZZA Maciel; o diretor do Departamento de Gest\u00e3o de Pessoas (DEGEP), servidor Rodrigo Ribeiro; e a diretora da Divis\u00e3o de Admiss\u00e3o e Desempenho (DIADES), servidora Lia Carvalho, al\u00e9m de familiares do docente, que tamb\u00e9m acompanharam o momento solene.<\/p>\n","protected":false},"excerpt":{"rendered":"<p>A (UECE) empossou, o docente, JALLES Dantas de Lucena, que passa a integrar o curso de Medicina da Faculdade de Educa\u00e7\u00e3o e Ci\u00eancias Integradas de Crate\u00fas (FAEC), A cerim\u00f4nia foi conduzida pelo reitor da UECE, professor Hidelbrando Soares, que destacou a relev\u00e2ncia da chegada do novo mestre em um momento de crescimento e reconhecimento institucional. Segundo o gestor, o curso de Medicina de Fortaleza da Universidade est\u00e1 entre os dez melhores avaliados do Brasil, no ENAMED, ocupando a primeira posi\u00e7\u00e3o nas regi\u00f5es Norte, Nordeste e Centro-Oeste. Ao dar as boas-vindas ao novo professor, o reitor enfatizou ainda a import\u00e2ncia de manter o compromisso com a qualidade do ensino e desejou que o docente considere a Universidade como sua casa, enfrentando com determina\u00e7\u00e3o os desafios da carreira acad\u00eamica. Estiveram presentes \u00e0 solenidade a assessora da PR\u00d3-REITORIA de Gradua\u00e7\u00e3o, professora Sarah Varela, representando a pr\u00f3-reitora MAZZA Maciel; o diretor do Departamento de Gest\u00e3o de Pessoas (DEGEP), servidor Rodrigo Ribeiro; e a diretora da Divis\u00e3o de Admiss\u00e3o e Desempenho (DIADES), servidora Lia Carvalho, al\u00e9m de familiares do docente, que tamb\u00e9m acompanharam o momento solene.<\/p>\n","protected":false},"author":1,"featured_media":4659,"comment_status":"closed","ping_status":"open","sticky":false,"template":"","format":"standard","meta":{"_joinchat":[],"footnotes":""},"categories":[5],"tags":[],"class_list":["post-4658","post","type-post","status-publish","format-standard","has-post-thumbnail","hentry","category-destaques"],"_links":{"self":[{"href":"https:\/\/sindesp.org.br\/index.php\/wp-json\/wp\/v2\/posts\/4658","targetHints":{"allow":["GET"]}}],"collection":[{"href":"https:\/\/sindesp.org.br\/index.php\/wp-json\/wp\/v2\/posts"}],"about":[{"href":"https:\/\/sindesp.org.br\/index.php\/wp-json\/wp\/v2\/types\/post"}],"author":[{"embeddable":true,"href":"https:\/\/sindesp.org.br\/index.php\/wp-json\/wp\/v2\/users\/1"}],"replies":[{"embeddable":true,"href":"https:\/\/sindesp.org.br\/index.php\/wp-json\/wp\/v2\/comments?post=4658"}],"version-history":[{"count":1,"href":"https:\/\/sindesp.org.br\/index.php\/wp-json\/wp\/v2\/posts\/4658\/revisions"}],"predecessor-version":[{"id":4660,"href":"https:\/\/sindesp.org.br\/index.php\/wp-json\/wp\/v2\/posts\/4658\/revisions\/4660"}],"wp:featuredmedia":[{"embeddable":true,"href":"https:\/\/sindesp.org.br\/index.php\/wp-json\/wp\/v2\/media\/4659"}],"wp:attachment":[{"href":"https:\/\/sindesp.org.br\/index.php\/wp-json\/wp\/v2\/media?parent=4658"}],"wp:term":[{"taxonomy":"category","embeddable":true,"href":"https:\/\/sindesp.org.br\/index.php\/wp-json\/wp\/v2\/categories?post=4658"},{"taxonomy":"post_tag","embeddable":true,"href":"https:\/\/sindesp.org.br\/index.php\/wp-json\/wp\/v2\/tags?post=4658"}],"curies":[{"name":"wp","href":"https:\/\/api.w.org\/{rel}","templated":true}]}}