{"id":4670,"date":"2026-03-10T15:47:42","date_gmt":"2026-03-10T18:47:42","guid":{"rendered":"https:\/\/sindesp.org.br\/?p=4670"},"modified":"2026-03-10T15:47:42","modified_gmt":"2026-03-10T18:47:42","slug":"laboratorio-de-paleontologia-da-uva","status":"publish","type":"post","link":"https:\/\/sindesp.org.br\/index.php\/2026\/03\/10\/laboratorio-de-paleontologia-da-uva\/","title":{"rendered":"LABORAT\u00d3RIO DE PALEONTOLOGIA DA UVA"},"content":{"rendered":"<p><img fetchpriority=\"high\" decoding=\"async\" class=\"size-medium wp-image-4671 aligncenter\" src=\"https:\/\/sindesp.org.br\/wp-content\/uploads\/2026\/03\/WhatsApp-Image-2026-03-10-at-15.44.04-242x300.jpeg\" alt=\"\" width=\"242\" height=\"300\" srcset=\"https:\/\/sindesp.org.br\/wp-content\/uploads\/2026\/03\/WhatsApp-Image-2026-03-10-at-15.44.04-242x300.jpeg 242w, https:\/\/sindesp.org.br\/wp-content\/uploads\/2026\/03\/WhatsApp-Image-2026-03-10-at-15.44.04.jpeg 287w\" sizes=\"(max-width: 242px) 100vw, 242px\" \/><br \/>\nO Laborat\u00f3rio de Paleontologia do curso de Ci\u00eancias Biol\u00f3gicas da Universidade Estadual Vale do Acara\u00fa (UVA) realizou, no \u00faltimo dia 13 de fevereiro, uma a\u00e7\u00e3o na Escola Estadual de Educa\u00e7\u00e3o Profissional Juc\u00e1 Fontenele, em Vi\u00e7osa do Cear\u00e1, como parte do Projeto de Extens\u00e3o Nossa Incr\u00edvel Terra. O projeto \u00e9 desenvolvido em parceria com o Minist\u00e9rio da Educa\u00e7\u00e3o (MEC) e tem como objetivo promover a educa\u00e7\u00e3o e a divulga\u00e7\u00e3o do patrim\u00f4nio paleontol\u00f3gico do Noroeste do Cear\u00e1.<\/p>\n<p>Ao todo, oito escolas, em oito munic\u00edpios da regi\u00e3o, ser\u00e3o contempladas com as atividades. Durante as visitas, os estudantes participam de oficinas e jogos did\u00e1ticos, por meio dos quais aprendem sobre paleontologia de forma interativa e acess\u00edvel. Integram o projeto os alunos Carlos Henrique, Luiz Arthur e Adrian Evangelista, sob a coordena\u00e7\u00e3o da professora Ana Carolina Brasileiro, contando ainda com o envolvimento da comunidade acad\u00eamica do curso de Ci\u00eancias Biol\u00f3gicas e do Laborat\u00f3rio de Paleontologia da UVA.<br \/>\nFONTE: URCA\/UVA<\/p>\n","protected":false},"excerpt":{"rendered":"<p>O Laborat\u00f3rio de Paleontologia do curso de Ci\u00eancias Biol\u00f3gicas da Universidade Estadual Vale do Acara\u00fa (UVA) realizou, no \u00faltimo dia 13 de fevereiro, uma a\u00e7\u00e3o na Escola Estadual de Educa\u00e7\u00e3o Profissional Juc\u00e1 Fontenele, em Vi\u00e7osa do Cear\u00e1, como parte do Projeto de Extens\u00e3o Nossa Incr\u00edvel Terra. O projeto \u00e9 desenvolvido em parceria com o Minist\u00e9rio da Educa\u00e7\u00e3o (MEC) e tem como objetivo promover a educa\u00e7\u00e3o e a divulga\u00e7\u00e3o do patrim\u00f4nio paleontol\u00f3gico do Noroeste do Cear\u00e1. Ao todo, oito escolas, em oito munic\u00edpios da regi\u00e3o, ser\u00e3o contempladas com as atividades. Durante as visitas, os estudantes participam de oficinas e jogos did\u00e1ticos, por meio dos quais aprendem sobre paleontologia de forma interativa e acess\u00edvel. Integram o projeto os alunos Carlos Henrique, Luiz Arthur e Adrian Evangelista, sob a coordena\u00e7\u00e3o da professora Ana Carolina Brasileiro, contando ainda com o envolvimento da comunidade acad\u00eamica do curso de Ci\u00eancias Biol\u00f3gicas e do Laborat\u00f3rio de Paleontologia da UVA. FONTE: URCA\/UVA<\/p>\n","protected":false},"author":1,"featured_media":0,"comment_status":"closed","ping_status":"open","sticky":false,"template":"","format":"standard","meta":{"_joinchat":[],"footnotes":""},"categories":[36],"tags":[],"class_list":["post-4670","post","type-post","status-publish","format-standard","hentry","category-blog"],"_links":{"self":[{"href":"https:\/\/sindesp.org.br\/index.php\/wp-json\/wp\/v2\/posts\/4670","targetHints":{"allow":["GET"]}}],"collection":[{"href":"https:\/\/sindesp.org.br\/index.php\/wp-json\/wp\/v2\/posts"}],"about":[{"href":"https:\/\/sindesp.org.br\/index.php\/wp-json\/wp\/v2\/types\/post"}],"author":[{"embeddable":true,"href":"https:\/\/sindesp.org.br\/index.php\/wp-json\/wp\/v2\/users\/1"}],"replies":[{"embeddable":true,"href":"https:\/\/sindesp.org.br\/index.php\/wp-json\/wp\/v2\/comments?post=4670"}],"version-history":[{"count":1,"href":"https:\/\/sindesp.org.br\/index.php\/wp-json\/wp\/v2\/posts\/4670\/revisions"}],"predecessor-version":[{"id":4672,"href":"https:\/\/sindesp.org.br\/index.php\/wp-json\/wp\/v2\/posts\/4670\/revisions\/4672"}],"wp:attachment":[{"href":"https:\/\/sindesp.org.br\/index.php\/wp-json\/wp\/v2\/media?parent=4670"}],"wp:term":[{"taxonomy":"category","embeddable":true,"href":"https:\/\/sindesp.org.br\/index.php\/wp-json\/wp\/v2\/categories?post=4670"},{"taxonomy":"post_tag","embeddable":true,"href":"https:\/\/sindesp.org.br\/index.php\/wp-json\/wp\/v2\/tags?post=4670"}],"curies":[{"name":"wp","href":"https:\/\/api.w.org\/{rel}","templated":true}]}}