{"id":4673,"date":"2026-03-10T15:48:41","date_gmt":"2026-03-10T18:48:41","guid":{"rendered":"https:\/\/sindesp.org.br\/?p=4673"},"modified":"2026-03-10T15:48:41","modified_gmt":"2026-03-10T18:48:41","slug":"urca-realiza-colacao-de-grau-2025-2","status":"publish","type":"post","link":"https:\/\/sindesp.org.br\/index.php\/2026\/03\/10\/urca-realiza-colacao-de-grau-2025-2\/","title":{"rendered":"URCA REALIZA COLA\u00c7\u00c3O DE GRAU 2025.2"},"content":{"rendered":"<p>A Universidade Regional do Cariri (URCA) realizou em 05.03.2026 cola\u00e7\u00e3o de grau de 2025.2, no Gin\u00e1sio Poliesportivo da URCA, no campus do Pimenta, para 461 formandos dos cursos: Direito (79), Artes Visuais (8), Matem\u00e1tica (3), F\u00edsica (2), Turismo (10), Teatro (13), Ci\u00eancias Sociais (6), Tecnologia (20), Economia (30), Pedagogia (62), Engenharia de Produ\u00e7\u00e3o (15), Biologia (46), Letras (39), Enfermagem (20), Educa\u00e7\u00e3o F\u00edsica (39), Geografia (27) e<\/p>\n<p>Hist\u00f3ria (42) sendo que 30 desses profissionais j\u00e1 tiveram cola\u00e7\u00f5es de grau especial, em virtude de novos compromissos profissionais assumidos em datas determinadas, antes da cola\u00e7\u00e3o unificada. A solenidade de foi presidida pelo Reitor da URCA, Professor Carlos Kleber de Oliveira, com presen\u00e7a da vice-reitora, Socorro Vieira, pr\u00f3-reitores, diretores de centro e coordenadores dos cursos, docentes, alunos e familiares dos formandos.<br \/>\nA diretoria, filiados e servidores do SINDESP parabenizam todos graduandos. Que esta conquista seja apenas o in\u00edcio de uma vida repleta de novas realiza\u00e7\u00f5es e merecidos sucessos e que a URCA continue cada vez mais preparando e capacitando indiv\u00edduos para assumirem o protagonismo na transforma\u00e7\u00e3o socioecon\u00f4mica da regi\u00e3o do Cariri<\/p>\n","protected":false},"excerpt":{"rendered":"<p>A Universidade Regional do Cariri (URCA) realizou em 05.03.2026 cola\u00e7\u00e3o de grau de 2025.2, no Gin\u00e1sio Poliesportivo da URCA, no campus do Pimenta, para 461 formandos dos cursos: Direito (79), Artes Visuais (8), Matem\u00e1tica (3), F\u00edsica (2), Turismo (10), Teatro (13), Ci\u00eancias Sociais (6), Tecnologia (20), Economia (30), Pedagogia (62), Engenharia de Produ\u00e7\u00e3o (15), Biologia (46), Letras (39), Enfermagem (20), Educa\u00e7\u00e3o F\u00edsica (39), Geografia (27) e Hist\u00f3ria (42) sendo que 30 desses profissionais j\u00e1 tiveram cola\u00e7\u00f5es de grau especial, em virtude de novos compromissos profissionais assumidos em datas determinadas, antes da cola\u00e7\u00e3o unificada. A solenidade de foi presidida pelo Reitor da URCA, Professor Carlos Kleber de Oliveira, com presen\u00e7a da vice-reitora, Socorro Vieira, pr\u00f3-reitores, diretores de centro e coordenadores dos cursos, docentes, alunos e familiares dos formandos. A diretoria, filiados e servidores do SINDESP parabenizam todos graduandos. Que esta conquista seja apenas o in\u00edcio de uma vida repleta de novas realiza\u00e7\u00f5es e merecidos sucessos e que a URCA continue cada vez mais preparando e capacitando indiv\u00edduos para assumirem o protagonismo na transforma\u00e7\u00e3o socioecon\u00f4mica da regi\u00e3o do Cariri<\/p>\n","protected":false},"author":1,"featured_media":4674,"comment_status":"closed","ping_status":"open","sticky":false,"template":"","format":"standard","meta":{"_joinchat":[],"footnotes":""},"categories":[8],"tags":[],"class_list":["post-4673","post","type-post","status-publish","format-standard","has-post-thumbnail","hentry","category-noticia"],"_links":{"self":[{"href":"https:\/\/sindesp.org.br\/index.php\/wp-json\/wp\/v2\/posts\/4673","targetHints":{"allow":["GET"]}}],"collection":[{"href":"https:\/\/sindesp.org.br\/index.php\/wp-json\/wp\/v2\/posts"}],"about":[{"href":"https:\/\/sindesp.org.br\/index.php\/wp-json\/wp\/v2\/types\/post"}],"author":[{"embeddable":true,"href":"https:\/\/sindesp.org.br\/index.php\/wp-json\/wp\/v2\/users\/1"}],"replies":[{"embeddable":true,"href":"https:\/\/sindesp.org.br\/index.php\/wp-json\/wp\/v2\/comments?post=4673"}],"version-history":[{"count":1,"href":"https:\/\/sindesp.org.br\/index.php\/wp-json\/wp\/v2\/posts\/4673\/revisions"}],"predecessor-version":[{"id":4675,"href":"https:\/\/sindesp.org.br\/index.php\/wp-json\/wp\/v2\/posts\/4673\/revisions\/4675"}],"wp:featuredmedia":[{"embeddable":true,"href":"https:\/\/sindesp.org.br\/index.php\/wp-json\/wp\/v2\/media\/4674"}],"wp:attachment":[{"href":"https:\/\/sindesp.org.br\/index.php\/wp-json\/wp\/v2\/media?parent=4673"}],"wp:term":[{"taxonomy":"category","embeddable":true,"href":"https:\/\/sindesp.org.br\/index.php\/wp-json\/wp\/v2\/categories?post=4673"},{"taxonomy":"post_tag","embeddable":true,"href":"https:\/\/sindesp.org.br\/index.php\/wp-json\/wp\/v2\/tags?post=4673"}],"curies":[{"name":"wp","href":"https:\/\/api.w.org\/{rel}","templated":true}]}}