{"id":4676,"date":"2026-03-10T15:50:25","date_gmt":"2026-03-10T18:50:25","guid":{"rendered":"https:\/\/sindesp.org.br\/?p=4676"},"modified":"2026-03-10T15:50:52","modified_gmt":"2026-03-10T18:50:52","slug":"i-encontro-de-folcloristas-do-brasil","status":"publish","type":"post","link":"https:\/\/sindesp.org.br\/index.php\/2026\/03\/10\/i-encontro-de-folcloristas-do-brasil\/","title":{"rendered":"I ENCONTRO DE FOLCLORISTAS DO BRASIL"},"content":{"rendered":"<p><img fetchpriority=\"high\" decoding=\"async\" class=\"size-medium wp-image-4678 aligncenter\" src=\"https:\/\/sindesp.org.br\/wp-content\/uploads\/2026\/03\/WhatsApp-Image-2026-03-10-at-15.47.35-1-300x169.jpeg\" alt=\"\" width=\"300\" height=\"169\" srcset=\"https:\/\/sindesp.org.br\/wp-content\/uploads\/2026\/03\/WhatsApp-Image-2026-03-10-at-15.47.35-1-300x169.jpeg 300w, https:\/\/sindesp.org.br\/wp-content\/uploads\/2026\/03\/WhatsApp-Image-2026-03-10-at-15.47.35-1.jpeg 403w\" sizes=\"(max-width: 300px) 100vw, 300px\" \/><br \/>\nA Universidade Regional do Cariri (URCA) integrar\u00e1 a parceria na realiza\u00e7\u00e3o do I Encontro de Folcloristas do Brasil, a realizar-se no munic\u00edpio de Ara\u00e7atuba, em S\u00e3o Paulo, de 10 a 15 de mar\u00e7o. A tem\u00e1tica do evento busca dialogar com os prop\u00f3sitos da Universidade na promo\u00e7\u00e3o da cultura e da identidade regional.<\/p>\n<p>O I Congresso Brasileiro de Folcloristas constitui-se como um espa\u00e7o nacional de excel\u00eancia para o encontro entre pesquisadores, folcloristas, mestres da cultura popular, educadores e institui\u00e7\u00f5es dedicadas \u00e0 salvaguarda do patrim\u00f4nio cultural imaterial brasileiro.<\/p>\n","protected":false},"excerpt":{"rendered":"<p>A Universidade Regional do Cariri (URCA) integrar\u00e1 a parceria na realiza\u00e7\u00e3o do I Encontro de Folcloristas do Brasil, a realizar-se no munic\u00edpio de Ara\u00e7atuba, em S\u00e3o Paulo, de 10 a 15 de mar\u00e7o. A tem\u00e1tica do evento busca dialogar com os prop\u00f3sitos da Universidade na promo\u00e7\u00e3o da cultura e da identidade regional. O I Congresso Brasileiro de Folcloristas constitui-se como um espa\u00e7o nacional de excel\u00eancia para o encontro entre pesquisadores, folcloristas, mestres da cultura popular, educadores e institui\u00e7\u00f5es dedicadas \u00e0 salvaguarda do patrim\u00f4nio cultural imaterial brasileiro.<\/p>\n","protected":false},"author":1,"featured_media":0,"comment_status":"closed","ping_status":"open","sticky":false,"template":"","format":"standard","meta":{"_joinchat":[],"footnotes":""},"categories":[36],"tags":[],"class_list":["post-4676","post","type-post","status-publish","format-standard","hentry","category-blog"],"_links":{"self":[{"href":"https:\/\/sindesp.org.br\/index.php\/wp-json\/wp\/v2\/posts\/4676","targetHints":{"allow":["GET"]}}],"collection":[{"href":"https:\/\/sindesp.org.br\/index.php\/wp-json\/wp\/v2\/posts"}],"about":[{"href":"https:\/\/sindesp.org.br\/index.php\/wp-json\/wp\/v2\/types\/post"}],"author":[{"embeddable":true,"href":"https:\/\/sindesp.org.br\/index.php\/wp-json\/wp\/v2\/users\/1"}],"replies":[{"embeddable":true,"href":"https:\/\/sindesp.org.br\/index.php\/wp-json\/wp\/v2\/comments?post=4676"}],"version-history":[{"count":1,"href":"https:\/\/sindesp.org.br\/index.php\/wp-json\/wp\/v2\/posts\/4676\/revisions"}],"predecessor-version":[{"id":4679,"href":"https:\/\/sindesp.org.br\/index.php\/wp-json\/wp\/v2\/posts\/4676\/revisions\/4679"}],"wp:attachment":[{"href":"https:\/\/sindesp.org.br\/index.php\/wp-json\/wp\/v2\/media?parent=4676"}],"wp:term":[{"taxonomy":"category","embeddable":true,"href":"https:\/\/sindesp.org.br\/index.php\/wp-json\/wp\/v2\/categories?post=4676"},{"taxonomy":"post_tag","embeddable":true,"href":"https:\/\/sindesp.org.br\/index.php\/wp-json\/wp\/v2\/tags?post=4676"}],"curies":[{"name":"wp","href":"https:\/\/api.w.org\/{rel}","templated":true}]}}