{"id":4680,"date":"2026-03-10T16:00:35","date_gmt":"2026-03-10T19:00:35","guid":{"rendered":"https:\/\/sindesp.org.br\/?p=4680"},"modified":"2026-03-10T16:00:35","modified_gmt":"2026-03-10T19:00:35","slug":"selecao-de-professor-bolsista-da-capes-mec","status":"publish","type":"post","link":"https:\/\/sindesp.org.br\/index.php\/2026\/03\/10\/selecao-de-professor-bolsista-da-capes-mec\/","title":{"rendered":"SELE\u00c7\u00c3O DE PROFESSOR BOLSISTA DA CAPES\/MEC"},"content":{"rendered":"<p>SELE\u00c7\u00c3O DE PROFESSOR BOLSISTA DA CAPES\/MEC PARA O QUADRO PROVIS\u00d3RIO DO PARFOR EQUIDADE &#8211; A URCA, por meio da PR\u00d3-REITORIA de Ensino de Gradua\u00e7\u00e3o (PROGRAD) e da Coordena\u00e7\u00e3o Institucional do Plano Nacional de Forma\u00e7\u00e3o de Professores da Educa\u00e7\u00e3o B\u00e1sica (PARFOR\/URCA) e do Programa Nacional de Fomento \u00e0 Equidade na Forma\u00e7\u00e3o de Professores da Educa\u00e7\u00e3o B\u00e1sica \u2013 (PARFOR EQUIDADE), divulga edital n\u00b001\/2026.<\/p>\n<p>Sele\u00e7\u00e3o de Professores para o quadro provis\u00f3rio do PARFOR EQUIDADE PRESENCIAL URCA para atividades de Doc\u00eancia no Curso de Licenciatura em Educa\u00e7\u00e3o Especial Inclusiva, na turma de Juazeiro do Norte, para o semestre letivo 2026.1, com in\u00edcio previsto para abril de 2026.<\/p>\n","protected":false},"excerpt":{"rendered":"<p>SELE\u00c7\u00c3O DE PROFESSOR BOLSISTA DA CAPES\/MEC PARA O QUADRO PROVIS\u00d3RIO DO PARFOR EQUIDADE &#8211; A URCA, por meio da PR\u00d3-REITORIA de Ensino de Gradua\u00e7\u00e3o (PROGRAD) e da Coordena\u00e7\u00e3o Institucional do Plano Nacional de Forma\u00e7\u00e3o de Professores da Educa\u00e7\u00e3o B\u00e1sica (PARFOR\/URCA) e do Programa Nacional de Fomento \u00e0 Equidade na Forma\u00e7\u00e3o de Professores da Educa\u00e7\u00e3o B\u00e1sica \u2013 (PARFOR EQUIDADE), divulga edital n\u00b001\/2026. Sele\u00e7\u00e3o de Professores para o quadro provis\u00f3rio do PARFOR EQUIDADE PRESENCIAL URCA para atividades de Doc\u00eancia no Curso de Licenciatura em Educa\u00e7\u00e3o Especial Inclusiva, na turma de Juazeiro do Norte, para o semestre letivo 2026.1, com in\u00edcio previsto para abril de 2026.<\/p>\n","protected":false},"author":1,"featured_media":4681,"comment_status":"closed","ping_status":"open","sticky":false,"template":"","format":"standard","meta":{"_joinchat":[],"footnotes":""},"categories":[5],"tags":[],"class_list":["post-4680","post","type-post","status-publish","format-standard","has-post-thumbnail","hentry","category-destaques"],"_links":{"self":[{"href":"https:\/\/sindesp.org.br\/index.php\/wp-json\/wp\/v2\/posts\/4680","targetHints":{"allow":["GET"]}}],"collection":[{"href":"https:\/\/sindesp.org.br\/index.php\/wp-json\/wp\/v2\/posts"}],"about":[{"href":"https:\/\/sindesp.org.br\/index.php\/wp-json\/wp\/v2\/types\/post"}],"author":[{"embeddable":true,"href":"https:\/\/sindesp.org.br\/index.php\/wp-json\/wp\/v2\/users\/1"}],"replies":[{"embeddable":true,"href":"https:\/\/sindesp.org.br\/index.php\/wp-json\/wp\/v2\/comments?post=4680"}],"version-history":[{"count":1,"href":"https:\/\/sindesp.org.br\/index.php\/wp-json\/wp\/v2\/posts\/4680\/revisions"}],"predecessor-version":[{"id":4682,"href":"https:\/\/sindesp.org.br\/index.php\/wp-json\/wp\/v2\/posts\/4680\/revisions\/4682"}],"wp:featuredmedia":[{"embeddable":true,"href":"https:\/\/sindesp.org.br\/index.php\/wp-json\/wp\/v2\/media\/4681"}],"wp:attachment":[{"href":"https:\/\/sindesp.org.br\/index.php\/wp-json\/wp\/v2\/media?parent=4680"}],"wp:term":[{"taxonomy":"category","embeddable":true,"href":"https:\/\/sindesp.org.br\/index.php\/wp-json\/wp\/v2\/categories?post=4680"},{"taxonomy":"post_tag","embeddable":true,"href":"https:\/\/sindesp.org.br\/index.php\/wp-json\/wp\/v2\/tags?post=4680"}],"curies":[{"name":"wp","href":"https:\/\/api.w.org\/{rel}","templated":true}]}}