{"id":4692,"date":"2026-03-12T15:12:51","date_gmt":"2026-03-12T18:12:51","guid":{"rendered":"https:\/\/sindesp.org.br\/?p=4692"},"modified":"2026-03-12T15:12:51","modified_gmt":"2026-03-12T18:12:51","slug":"desobrigacao-da-prova-de-vida-em-2026","status":"publish","type":"post","link":"https:\/\/sindesp.org.br\/index.php\/2026\/03\/12\/desobrigacao-da-prova-de-vida-em-2026\/","title":{"rendered":"DESOBRIGA\u00c7\u00c3O DA PROVA DE VIDA EM 2026"},"content":{"rendered":"<p>A Funda\u00e7\u00e3o de Previd\u00eancia Social do Estado do Cear\u00e1 \u2013 CEARAPREV informa aos servidores do Estado do Cear\u00e1 da ativa e inativos (aposentados e pensionistas) vinculados ao Regime Pr\u00f3prio de Previd\u00eancia Social do Estado do Cear\u00e1 que n\u00e3o ser\u00e1 necess\u00e1ria a realiza\u00e7\u00e3o da prova de vida durante o exerc\u00edcio de 2026.<br \/>\nA medida tem como objetivo simplificar procedimentos administrativos, reduzir deslocamentos dos benefici\u00e1rios e promover maior efici\u00eancia na gest\u00e3o previdenci\u00e1ria, mantendo-se, contudo, os mecanismos institucionais de controle e atualiza\u00e7\u00e3o cadastral.<\/p>\n<p>Dessa forma, no ano de 2026 n\u00e3o ser\u00e1 exigido comparecimento presencial ou realiza\u00e7\u00e3o de procedimento digital de prova de vida por parte dos benefici\u00e1rios vinculados \u00e0 CEARAPREV. QUALQUER ALUS\u00c3O SOBRE ASSUNTO PODER\u00c1 SER OS TRADICIONAIS GOLPES &#8211; DIRIJA-SE A CEAR\u00c1PREV PARA ORIENTA\u00c7\u00c3O.<\/p>\n","protected":false},"excerpt":{"rendered":"<p>A Funda\u00e7\u00e3o de Previd\u00eancia Social do Estado do Cear\u00e1 \u2013 CEARAPREV informa aos servidores do Estado do Cear\u00e1 da ativa e inativos (aposentados e pensionistas) vinculados ao Regime Pr\u00f3prio de Previd\u00eancia Social do Estado do Cear\u00e1 que n\u00e3o ser\u00e1 necess\u00e1ria a realiza\u00e7\u00e3o da prova de vida durante o exerc\u00edcio de 2026. A medida tem como objetivo simplificar procedimentos administrativos, reduzir deslocamentos dos benefici\u00e1rios e promover maior efici\u00eancia na gest\u00e3o previdenci\u00e1ria, mantendo-se, contudo, os mecanismos institucionais de controle e atualiza\u00e7\u00e3o cadastral. Dessa forma, no ano de 2026 n\u00e3o ser\u00e1 exigido comparecimento presencial ou realiza\u00e7\u00e3o de procedimento digital de prova de vida por parte dos benefici\u00e1rios vinculados \u00e0 CEARAPREV. QUALQUER ALUS\u00c3O SOBRE ASSUNTO PODER\u00c1 SER OS TRADICIONAIS GOLPES &#8211; DIRIJA-SE A CEAR\u00c1PREV PARA ORIENTA\u00c7\u00c3O.<\/p>\n","protected":false},"author":1,"featured_media":4693,"comment_status":"closed","ping_status":"open","sticky":false,"template":"","format":"standard","meta":{"_joinchat":[],"footnotes":""},"categories":[8],"tags":[],"class_list":["post-4692","post","type-post","status-publish","format-standard","has-post-thumbnail","hentry","category-noticia"],"_links":{"self":[{"href":"https:\/\/sindesp.org.br\/index.php\/wp-json\/wp\/v2\/posts\/4692","targetHints":{"allow":["GET"]}}],"collection":[{"href":"https:\/\/sindesp.org.br\/index.php\/wp-json\/wp\/v2\/posts"}],"about":[{"href":"https:\/\/sindesp.org.br\/index.php\/wp-json\/wp\/v2\/types\/post"}],"author":[{"embeddable":true,"href":"https:\/\/sindesp.org.br\/index.php\/wp-json\/wp\/v2\/users\/1"}],"replies":[{"embeddable":true,"href":"https:\/\/sindesp.org.br\/index.php\/wp-json\/wp\/v2\/comments?post=4692"}],"version-history":[{"count":2,"href":"https:\/\/sindesp.org.br\/index.php\/wp-json\/wp\/v2\/posts\/4692\/revisions"}],"predecessor-version":[{"id":4695,"href":"https:\/\/sindesp.org.br\/index.php\/wp-json\/wp\/v2\/posts\/4692\/revisions\/4695"}],"wp:featuredmedia":[{"embeddable":true,"href":"https:\/\/sindesp.org.br\/index.php\/wp-json\/wp\/v2\/media\/4693"}],"wp:attachment":[{"href":"https:\/\/sindesp.org.br\/index.php\/wp-json\/wp\/v2\/media?parent=4692"}],"wp:term":[{"taxonomy":"category","embeddable":true,"href":"https:\/\/sindesp.org.br\/index.php\/wp-json\/wp\/v2\/categories?post=4692"},{"taxonomy":"post_tag","embeddable":true,"href":"https:\/\/sindesp.org.br\/index.php\/wp-json\/wp\/v2\/tags?post=4692"}],"curies":[{"name":"wp","href":"https:\/\/api.w.org\/{rel}","templated":true}]}}