{"id":4710,"date":"2026-03-23T15:12:55","date_gmt":"2026-03-23T18:12:55","guid":{"rendered":"https:\/\/sindesp.org.br\/?p=4710"},"modified":"2026-03-23T15:12:55","modified_gmt":"2026-03-23T18:12:55","slug":"nota-de-pesar-ariosto-holanda","status":"publish","type":"post","link":"https:\/\/sindesp.org.br\/index.php\/2026\/03\/23\/nota-de-pesar-ariosto-holanda\/","title":{"rendered":"Nota de Pesar &#8211; ARIOSTO HOLANDA"},"content":{"rendered":"<p><img fetchpriority=\"high\" decoding=\"async\" class=\"size-full wp-image-4712 aligncenter\" src=\"https:\/\/sindesp.org.br\/wp-content\/uploads\/2026\/03\/WhatsApp-Image-2026-03-23-at-14.39.36.jpeg\" alt=\"\" width=\"263\" height=\"266\" \/><br \/>\nA Diretoria, filiados e servidores do SINDESP\u00a0manifesta profundo pesar pelo falecimento em 21.03.2026 do professor da UFC, ex-secret\u00e1rio e ex-deputado federal FRANCISCO ARIOSTO HOLANDA, cuja trajet\u00f3ria p\u00fablica e acad\u00eamica foi marcada por relevantes contribui\u00e7\u00f5es \u00e0 educa\u00e7\u00e3o, \u00e0 ci\u00eancia, \u00e0 tecnologia e ao desenvolvimento social do Estado do Cear\u00e1.<\/p>\n<p>Ariosto esteve \u00e0 frente da Secretaria da Ind\u00fastria e do Com\u00e9rcio e, especialmente, da Secretaria da Ci\u00eancia, Tecnologia e Educa\u00e7\u00e3o Superior do Estado do Cear\u00e1 (SECITECE), que conduziu em diferentes per\u00edodos, com atua\u00e7\u00e3o marcante na estrutura\u00e7\u00e3o de pol\u00edticas p\u00fablicas para o setor.<br \/>\nOs nossos sinceros sentimentos \u00e0 fam\u00edlia, a parentes e a amigos que Deus fortifique o cora\u00e7\u00e3o de todos sobre tudo neste momento doloroso pela perda de um mestre dedicado e uma pessoa que deixou as melhores lembran\u00e7as a quem pode conviver com ele. BEM-AVENTURADO e santo aquele que tem parte na primeira ressurrei\u00e7\u00e3o; sobre estes n\u00e3o tem poder a segunda morte; mas ser\u00e3o sacerdotes de Deus e de Cristo, e reinar\u00e3o com Ele mil anos. APOCALIPSE 20:6<\/p>\n","protected":false},"excerpt":{"rendered":"<p>A Diretoria, filiados e servidores do SINDESP\u00a0manifesta profundo pesar pelo falecimento em 21.03.2026 do professor da UFC, ex-secret\u00e1rio e ex-deputado federal FRANCISCO ARIOSTO HOLANDA, cuja trajet\u00f3ria p\u00fablica e acad\u00eamica foi marcada por relevantes contribui\u00e7\u00f5es \u00e0 educa\u00e7\u00e3o, \u00e0 ci\u00eancia, \u00e0 tecnologia e ao desenvolvimento social do Estado do Cear\u00e1. Ariosto esteve \u00e0 frente da Secretaria da Ind\u00fastria e do Com\u00e9rcio e, especialmente, da Secretaria da Ci\u00eancia, Tecnologia e Educa\u00e7\u00e3o Superior do Estado do Cear\u00e1 (SECITECE), que conduziu em diferentes per\u00edodos, com atua\u00e7\u00e3o marcante na estrutura\u00e7\u00e3o de pol\u00edticas p\u00fablicas para o setor. Os nossos sinceros sentimentos \u00e0 fam\u00edlia, a parentes e a amigos que Deus fortifique o cora\u00e7\u00e3o de todos sobre tudo neste momento doloroso pela perda de um mestre dedicado e uma pessoa que deixou as melhores lembran\u00e7as a quem pode conviver com ele. BEM-AVENTURADO e santo aquele que tem parte na primeira ressurrei\u00e7\u00e3o; sobre estes n\u00e3o tem poder a segunda morte; mas ser\u00e3o sacerdotes de Deus e de Cristo, e reinar\u00e3o com Ele mil anos. APOCALIPSE 20:6<\/p>\n","protected":false},"author":1,"featured_media":0,"comment_status":"closed","ping_status":"open","sticky":false,"template":"","format":"standard","meta":{"_joinchat":[],"footnotes":""},"categories":[36],"tags":[],"class_list":["post-4710","post","type-post","status-publish","format-standard","hentry","category-blog"],"_links":{"self":[{"href":"https:\/\/sindesp.org.br\/index.php\/wp-json\/wp\/v2\/posts\/4710","targetHints":{"allow":["GET"]}}],"collection":[{"href":"https:\/\/sindesp.org.br\/index.php\/wp-json\/wp\/v2\/posts"}],"about":[{"href":"https:\/\/sindesp.org.br\/index.php\/wp-json\/wp\/v2\/types\/post"}],"author":[{"embeddable":true,"href":"https:\/\/sindesp.org.br\/index.php\/wp-json\/wp\/v2\/users\/1"}],"replies":[{"embeddable":true,"href":"https:\/\/sindesp.org.br\/index.php\/wp-json\/wp\/v2\/comments?post=4710"}],"version-history":[{"count":1,"href":"https:\/\/sindesp.org.br\/index.php\/wp-json\/wp\/v2\/posts\/4710\/revisions"}],"predecessor-version":[{"id":4713,"href":"https:\/\/sindesp.org.br\/index.php\/wp-json\/wp\/v2\/posts\/4710\/revisions\/4713"}],"wp:attachment":[{"href":"https:\/\/sindesp.org.br\/index.php\/wp-json\/wp\/v2\/media?parent=4710"}],"wp:term":[{"taxonomy":"category","embeddable":true,"href":"https:\/\/sindesp.org.br\/index.php\/wp-json\/wp\/v2\/categories?post=4710"},{"taxonomy":"post_tag","embeddable":true,"href":"https:\/\/sindesp.org.br\/index.php\/wp-json\/wp\/v2\/tags?post=4710"}],"curies":[{"name":"wp","href":"https:\/\/api.w.org\/{rel}","templated":true}]}}