{"id":4748,"date":"2026-03-30T14:59:05","date_gmt":"2026-03-30T17:59:05","guid":{"rendered":"https:\/\/sindesp.org.br\/?p=4748"},"modified":"2026-03-30T14:59:05","modified_gmt":"2026-03-30T17:59:05","slug":"aniversario-de-fortaleza-13-de-abril","status":"publish","type":"post","link":"https:\/\/sindesp.org.br\/index.php\/2026\/03\/30\/aniversario-de-fortaleza-13-de-abril\/","title":{"rendered":"Anivers\u00e1rio de Fortaleza &#8211; 13 de Abril"},"content":{"rendered":"<p>O\u00a0anivers\u00e1rio de Fortaleza\u00a0\u00e9 comemorado no dia\u00a013 de abril.- Fundada em 1726, a cidade completar\u00e1 300 anos Fortaleza, capital do Cear\u00e1,\u00a0\u00e9 a 4\u00aa maior cidade do Brasil e a mais populosa do Nordeste, com 2.428.708 habitantes (Censo 2022). Situada no litoral, possui cerca de 34 km de praias, economia baseada no com\u00e9rcio, servi\u00e7os e turismo, e \u00e9 um importante polo de tecnologia e infraestrutura de internet<\/p>\n","protected":false},"excerpt":{"rendered":"<p>O\u00a0anivers\u00e1rio de Fortaleza\u00a0\u00e9 comemorado no dia\u00a013 de abril.- Fundada em 1726, a cidade completar\u00e1 300 anos Fortaleza, capital do Cear\u00e1,\u00a0\u00e9 a 4\u00aa maior cidade do Brasil e a mais populosa do Nordeste, com 2.428.708 habitantes (Censo 2022). Situada no litoral, possui cerca de 34 km de praias, economia baseada no com\u00e9rcio, servi\u00e7os e turismo, e \u00e9 um importante polo de tecnologia e infraestrutura de internet<\/p>\n","protected":false},"author":1,"featured_media":4749,"comment_status":"closed","ping_status":"open","sticky":false,"template":"","format":"standard","meta":{"_joinchat":[],"footnotes":""},"categories":[5],"tags":[],"class_list":["post-4748","post","type-post","status-publish","format-standard","has-post-thumbnail","hentry","category-destaques"],"_links":{"self":[{"href":"https:\/\/sindesp.org.br\/index.php\/wp-json\/wp\/v2\/posts\/4748","targetHints":{"allow":["GET"]}}],"collection":[{"href":"https:\/\/sindesp.org.br\/index.php\/wp-json\/wp\/v2\/posts"}],"about":[{"href":"https:\/\/sindesp.org.br\/index.php\/wp-json\/wp\/v2\/types\/post"}],"author":[{"embeddable":true,"href":"https:\/\/sindesp.org.br\/index.php\/wp-json\/wp\/v2\/users\/1"}],"replies":[{"embeddable":true,"href":"https:\/\/sindesp.org.br\/index.php\/wp-json\/wp\/v2\/comments?post=4748"}],"version-history":[{"count":1,"href":"https:\/\/sindesp.org.br\/index.php\/wp-json\/wp\/v2\/posts\/4748\/revisions"}],"predecessor-version":[{"id":4750,"href":"https:\/\/sindesp.org.br\/index.php\/wp-json\/wp\/v2\/posts\/4748\/revisions\/4750"}],"wp:featuredmedia":[{"embeddable":true,"href":"https:\/\/sindesp.org.br\/index.php\/wp-json\/wp\/v2\/media\/4749"}],"wp:attachment":[{"href":"https:\/\/sindesp.org.br\/index.php\/wp-json\/wp\/v2\/media?parent=4748"}],"wp:term":[{"taxonomy":"category","embeddable":true,"href":"https:\/\/sindesp.org.br\/index.php\/wp-json\/wp\/v2\/categories?post=4748"},{"taxonomy":"post_tag","embeddable":true,"href":"https:\/\/sindesp.org.br\/index.php\/wp-json\/wp\/v2\/tags?post=4748"}],"curies":[{"name":"wp","href":"https:\/\/api.w.org\/{rel}","templated":true}]}}