{"id":4771,"date":"2026-04-07T13:56:20","date_gmt":"2026-04-07T16:56:20","guid":{"rendered":"https:\/\/sindesp.org.br\/?p=4771"},"modified":"2026-04-07T13:56:20","modified_gmt":"2026-04-07T16:56:20","slug":"prof-a-selene-maia-trajetoria-que-une-ciencia-com-plantas","status":"publish","type":"post","link":"https:\/\/sindesp.org.br\/index.php\/2026\/04\/07\/prof-a-selene-maia-trajetoria-que-une-ciencia-com-plantas\/","title":{"rendered":"PROF.(A) SELENE MAIA: TRAJET\u00d3RIA QUE UNE CI\u00caNCIA COM PLANTAS"},"content":{"rendered":"<p>Quando o nome da professora Selene Maia de Morais passou a figurar entre os pesquisadores mais influentes do mundo, o reconhecimento apenas confirmou o que j\u00e1 era evidente na Universidade Estadual do Cear\u00e1: uma trajet\u00f3ria constru\u00edda com rigor cient\u00edfico, dedica\u00e7\u00e3o cont\u00ednua e profundo compromisso com a forma\u00e7\u00e3o de pessoas.<\/p>\n<p>Mesmo ap\u00f3s a aposentadoria, em setembro de 2025, sua presen\u00e7a permanece viva no cotidiano da institui\u00e7\u00e3o, seja nos espa\u00e7os que ajudou a erguer, nas orienta\u00e7\u00f5es de pesquisas que continuam ou nas hist\u00f3rias de alunos que seguem seus caminhos. Ao ingressar como docente adjunta na institui\u00e7\u00e3o, encontrou uma realidade desafiadora e logo tratou de buscar solu\u00e7\u00f5es. \u201cEu lutei bastante e me metia em tudo quanto era edital para conseguir verba e trazer mudan\u00e7a para a universidade\u201d, conta. Com apoio de institui\u00e7\u00f5es como a Funda\u00e7\u00e3o Cearense de Apoio ao Desenvolvimento Cient\u00edfico e Tecnol\u00f3gico (FUNCAP), professora Selene participou ativamente da estrutura\u00e7\u00e3o de laborat\u00f3rios e da consolida\u00e7\u00e3o da pesquisa na \u00e1rea de Qu\u00edmica. \u201cE assim eu consegui bancada, capela, um extrator de \u00f3leos essenciais, que era com o que eu trabalhava no momento, e \u00e9 com o que eu comecei a trabalhar no Programa de P\u00f3s-gradua\u00e7\u00e3o em Ci\u00eancias Fisiol\u00f3gicas. L\u00e1, eles pesquisavam muito os \u00f3leos essenciais.<\/p>\n<p>Ent\u00e3o eu montei meu extrator, fazia as extra\u00e7\u00f5es das plantas que a equipe buscava em Vi\u00e7osa\u201d, relembra. Est\u00e1 tamb\u00e9m, entre suas primeiras conquistas na UECE, em parceria com outros pesquisadores da casa, a vit\u00f3ria de um edital da Finep. O projeto vencedor era de uso de produtos naturais do semi\u00e1rido para a produ\u00e7\u00e3o de BIOF\u00c1RMACOS. \u201cNessa estrutura de BIOF\u00c1RMACOS, n\u00f3s conseguimos v\u00e1rios aparelhos, aparelhos grandes, inclusive, para montar o nosso laborat\u00f3rio\u201d, conta a docente se referindo ao Laborat\u00f3rio de An\u00e1lises Cromatogr\u00e1ficas e Espectrosc\u00f3picas (Laces), que hoje permanece em funcionamento, contribuindo na forma\u00e7\u00e3o de novos pesquisadores.<\/p>\n<p>Essas foram apenas algumas das conquistas iniciais da professora Selene Maia na UECE. Docente do curso de gradua\u00e7\u00e3o em Qu\u00edmica, mas tamb\u00e9m de cursos de p\u00f3s-gradua\u00e7\u00e3o, a inquieta pesquisadora tamb\u00e9m ingressou no quadro da p\u00f3s-gradua\u00e7\u00e3o da FAVET. O reconhecimento por sua trajet\u00f3ria extrapolou os limites da universidade. A professora Selene figura em rankings internacionais que re\u00fanem os cientistas mais influentes do mundo, considerando o impacto de sua produ\u00e7\u00e3o cient\u00edfica. Ainda assim, ao olhar para sua pr\u00f3pria hist\u00f3ria, ela relativiza os t\u00edtulos e destaca outro legado.<\/p>\n","protected":false},"excerpt":{"rendered":"<p>Quando o nome da professora Selene Maia de Morais passou a figurar entre os pesquisadores mais influentes do mundo, o reconhecimento apenas confirmou o que j\u00e1 era evidente na Universidade Estadual do Cear\u00e1: uma trajet\u00f3ria constru\u00edda com rigor cient\u00edfico, dedica\u00e7\u00e3o cont\u00ednua e profundo compromisso com a forma\u00e7\u00e3o de pessoas. Mesmo ap\u00f3s a aposentadoria, em setembro de 2025, sua presen\u00e7a permanece viva no cotidiano da institui\u00e7\u00e3o, seja nos espa\u00e7os que ajudou a erguer, nas orienta\u00e7\u00f5es de pesquisas que continuam ou nas hist\u00f3rias de alunos que seguem seus caminhos. Ao ingressar como docente adjunta na institui\u00e7\u00e3o, encontrou uma realidade desafiadora e logo tratou de buscar solu\u00e7\u00f5es. \u201cEu lutei bastante e me metia em tudo quanto era edital para conseguir verba e trazer mudan\u00e7a para a universidade\u201d, conta. Com apoio de institui\u00e7\u00f5es como a Funda\u00e7\u00e3o Cearense de Apoio ao Desenvolvimento Cient\u00edfico e Tecnol\u00f3gico (FUNCAP), professora Selene participou ativamente da estrutura\u00e7\u00e3o de laborat\u00f3rios e da consolida\u00e7\u00e3o da pesquisa na \u00e1rea de Qu\u00edmica. \u201cE assim eu consegui bancada, capela, um extrator de \u00f3leos essenciais, que era com o que eu trabalhava no momento, e \u00e9 com o que eu comecei a trabalhar no Programa de P\u00f3s-gradua\u00e7\u00e3o em Ci\u00eancias Fisiol\u00f3gicas. L\u00e1, eles pesquisavam muito os \u00f3leos essenciais. Ent\u00e3o eu montei meu extrator, fazia as extra\u00e7\u00f5es das plantas que a equipe buscava em Vi\u00e7osa\u201d, relembra. Est\u00e1 tamb\u00e9m, entre suas primeiras conquistas na UECE, em parceria com outros pesquisadores da casa, a vit\u00f3ria de um edital da Finep. O projeto vencedor era de uso de produtos naturais do semi\u00e1rido para a produ\u00e7\u00e3o de BIOF\u00c1RMACOS. \u201cNessa estrutura de BIOF\u00c1RMACOS, n\u00f3s conseguimos v\u00e1rios aparelhos, aparelhos grandes, inclusive, para montar o nosso laborat\u00f3rio\u201d, conta a docente se referindo ao Laborat\u00f3rio de An\u00e1lises Cromatogr\u00e1ficas e Espectrosc\u00f3picas (Laces), que hoje permanece em funcionamento, contribuindo na forma\u00e7\u00e3o de novos pesquisadores. Essas foram apenas algumas das conquistas iniciais da professora Selene Maia na UECE. Docente do curso de gradua\u00e7\u00e3o em Qu\u00edmica, mas tamb\u00e9m de cursos de p\u00f3s-gradua\u00e7\u00e3o, a inquieta pesquisadora tamb\u00e9m ingressou no quadro da p\u00f3s-gradua\u00e7\u00e3o da FAVET. O reconhecimento por sua trajet\u00f3ria extrapolou os limites da universidade. A professora Selene figura em rankings internacionais que re\u00fanem os cientistas mais influentes do mundo, considerando o impacto de sua produ\u00e7\u00e3o cient\u00edfica. Ainda assim, ao olhar para sua pr\u00f3pria hist\u00f3ria, ela relativiza os t\u00edtulos e destaca outro legado.<\/p>\n","protected":false},"author":1,"featured_media":4772,"comment_status":"closed","ping_status":"open","sticky":false,"template":"","format":"standard","meta":{"_joinchat":[],"footnotes":""},"categories":[5],"tags":[],"class_list":["post-4771","post","type-post","status-publish","format-standard","has-post-thumbnail","hentry","category-destaques"],"_links":{"self":[{"href":"https:\/\/sindesp.org.br\/index.php\/wp-json\/wp\/v2\/posts\/4771","targetHints":{"allow":["GET"]}}],"collection":[{"href":"https:\/\/sindesp.org.br\/index.php\/wp-json\/wp\/v2\/posts"}],"about":[{"href":"https:\/\/sindesp.org.br\/index.php\/wp-json\/wp\/v2\/types\/post"}],"author":[{"embeddable":true,"href":"https:\/\/sindesp.org.br\/index.php\/wp-json\/wp\/v2\/users\/1"}],"replies":[{"embeddable":true,"href":"https:\/\/sindesp.org.br\/index.php\/wp-json\/wp\/v2\/comments?post=4771"}],"version-history":[{"count":1,"href":"https:\/\/sindesp.org.br\/index.php\/wp-json\/wp\/v2\/posts\/4771\/revisions"}],"predecessor-version":[{"id":4773,"href":"https:\/\/sindesp.org.br\/index.php\/wp-json\/wp\/v2\/posts\/4771\/revisions\/4773"}],"wp:featuredmedia":[{"embeddable":true,"href":"https:\/\/sindesp.org.br\/index.php\/wp-json\/wp\/v2\/media\/4772"}],"wp:attachment":[{"href":"https:\/\/sindesp.org.br\/index.php\/wp-json\/wp\/v2\/media?parent=4771"}],"wp:term":[{"taxonomy":"category","embeddable":true,"href":"https:\/\/sindesp.org.br\/index.php\/wp-json\/wp\/v2\/categories?post=4771"},{"taxonomy":"post_tag","embeddable":true,"href":"https:\/\/sindesp.org.br\/index.php\/wp-json\/wp\/v2\/tags?post=4771"}],"curies":[{"name":"wp","href":"https:\/\/api.w.org\/{rel}","templated":true}]}}