{"id":4784,"date":"2026-04-09T10:59:15","date_gmt":"2026-04-09T13:59:15","guid":{"rendered":"https:\/\/sindesp.org.br\/?p=4784"},"modified":"2026-04-09T11:01:13","modified_gmt":"2026-04-09T14:01:13","slug":"dia-mundial-de-conscientizacao-da-doenca-de-parkinson","status":"publish","type":"post","link":"https:\/\/sindesp.org.br\/index.php\/2026\/04\/09\/dia-mundial-de-conscientizacao-da-doenca-de-parkinson\/","title":{"rendered":"DIA MUNDIAL DE CONSCIENTIZA\u00c7\u00c3O DA DOEN\u00c7A DE PARKINSON"},"content":{"rendered":"<p>O objetivo da campanha \u00e9 conscientizar sobre a doen\u00e7a e incentivar as pessoas a agirem de forma a impactar o futuro da enfermidade, por meio da pesquisa, do cuidado e do planejamento de vida. Neste Dia, uma alian\u00e7a global de organiza\u00e7\u00f5es de mais de 80 pa\u00edses mobiliza a comunidade para provocar mudan\u00e7as, pedindo aos afetados pela doen\u00e7a que se levantem, falem e se unam para acabar com o Parkinson.<\/p>\n<p>\u00c9 preciso quebrar o estigma em torno da doen\u00e7a, liderar o apelo para financiar avan\u00e7os m\u00e9dicos e colocar o Parkinson no passado. A Doen\u00e7a de Parkinson \u00e9 uma doen\u00e7a degenerativa do sistema nervoso central, cr\u00f4nica e progressiva. \u00c9 causada por uma diminui\u00e7\u00e3o intensa da produ\u00e7\u00e3o de dopamina, que \u00e9 um neurotransmissor (subst\u00e2ncia qu\u00edmica que ajuda na transmiss\u00e3o de mensagens entre as c\u00e9lulas nervosas). A dopamina ajuda na realiza\u00e7\u00e3o dos movimentos volunt\u00e1rios do corpo de forma autom\u00e1tica, ou seja, n\u00e3o precisamos pensar em cada movimento que nossos m\u00fasculos realizam, gra\u00e7as \u00e0 presen\u00e7a dessa subst\u00e2ncia em nossos c\u00e9rebros. Basicamente, caracteriza-se por tremor de repouso, tremor nas extremidades, instabilidade postural, rigidez de articula\u00e7\u00f5es e lentid\u00e3o nos movimentos. H\u00e1 tamb\u00e9m outros sintomas n\u00e3o motores, como a diminui\u00e7\u00e3o do olfato, dist\u00farbios do sono, altera\u00e7\u00e3o do ritmo intestinal e depress\u00e3o.<\/p>\n","protected":false},"excerpt":{"rendered":"<p>O objetivo da campanha \u00e9 conscientizar sobre a doen\u00e7a e incentivar as pessoas a agirem de forma a impactar o futuro da enfermidade, por meio da pesquisa, do cuidado e do planejamento de vida. Neste Dia, uma alian\u00e7a global de organiza\u00e7\u00f5es de mais de 80 pa\u00edses mobiliza a comunidade para provocar mudan\u00e7as, pedindo aos afetados pela doen\u00e7a que se levantem, falem e se unam para acabar com o Parkinson. \u00c9 preciso quebrar o estigma em torno da doen\u00e7a, liderar o apelo para financiar avan\u00e7os m\u00e9dicos e colocar o Parkinson no passado. A Doen\u00e7a de Parkinson \u00e9 uma doen\u00e7a degenerativa do sistema nervoso central, cr\u00f4nica e progressiva. \u00c9 causada por uma diminui\u00e7\u00e3o intensa da produ\u00e7\u00e3o de dopamina, que \u00e9 um neurotransmissor (subst\u00e2ncia qu\u00edmica que ajuda na transmiss\u00e3o de mensagens entre as c\u00e9lulas nervosas). A dopamina ajuda na realiza\u00e7\u00e3o dos movimentos volunt\u00e1rios do corpo de forma autom\u00e1tica, ou seja, n\u00e3o precisamos pensar em cada movimento que nossos m\u00fasculos realizam, gra\u00e7as \u00e0 presen\u00e7a dessa subst\u00e2ncia em nossos c\u00e9rebros. Basicamente, caracteriza-se por tremor de repouso, tremor nas extremidades, instabilidade postural, rigidez de articula\u00e7\u00f5es e lentid\u00e3o nos movimentos. H\u00e1 tamb\u00e9m outros sintomas n\u00e3o motores, como a diminui\u00e7\u00e3o do olfato, dist\u00farbios do sono, altera\u00e7\u00e3o do ritmo intestinal e depress\u00e3o.<\/p>\n","protected":false},"author":1,"featured_media":4785,"comment_status":"closed","ping_status":"open","sticky":false,"template":"","format":"standard","meta":{"_joinchat":[],"footnotes":""},"categories":[5],"tags":[],"class_list":["post-4784","post","type-post","status-publish","format-standard","has-post-thumbnail","hentry","category-destaques"],"_links":{"self":[{"href":"https:\/\/sindesp.org.br\/index.php\/wp-json\/wp\/v2\/posts\/4784","targetHints":{"allow":["GET"]}}],"collection":[{"href":"https:\/\/sindesp.org.br\/index.php\/wp-json\/wp\/v2\/posts"}],"about":[{"href":"https:\/\/sindesp.org.br\/index.php\/wp-json\/wp\/v2\/types\/post"}],"author":[{"embeddable":true,"href":"https:\/\/sindesp.org.br\/index.php\/wp-json\/wp\/v2\/users\/1"}],"replies":[{"embeddable":true,"href":"https:\/\/sindesp.org.br\/index.php\/wp-json\/wp\/v2\/comments?post=4784"}],"version-history":[{"count":1,"href":"https:\/\/sindesp.org.br\/index.php\/wp-json\/wp\/v2\/posts\/4784\/revisions"}],"predecessor-version":[{"id":4786,"href":"https:\/\/sindesp.org.br\/index.php\/wp-json\/wp\/v2\/posts\/4784\/revisions\/4786"}],"wp:featuredmedia":[{"embeddable":true,"href":"https:\/\/sindesp.org.br\/index.php\/wp-json\/wp\/v2\/media\/4785"}],"wp:attachment":[{"href":"https:\/\/sindesp.org.br\/index.php\/wp-json\/wp\/v2\/media?parent=4784"}],"wp:term":[{"taxonomy":"category","embeddable":true,"href":"https:\/\/sindesp.org.br\/index.php\/wp-json\/wp\/v2\/categories?post=4784"},{"taxonomy":"post_tag","embeddable":true,"href":"https:\/\/sindesp.org.br\/index.php\/wp-json\/wp\/v2\/tags?post=4784"}],"curies":[{"name":"wp","href":"https:\/\/api.w.org\/{rel}","templated":true}]}}