{"id":4812,"date":"2026-04-22T16:59:38","date_gmt":"2026-04-22T19:59:38","guid":{"rendered":"https:\/\/sindesp.org.br\/?p=4812"},"modified":"2026-04-22T16:59:38","modified_gmt":"2026-04-22T19:59:38","slug":"novo-comite-gestor-para-inovacao-agropecuaria","status":"publish","type":"post","link":"https:\/\/sindesp.org.br\/index.php\/2026\/04\/22\/novo-comite-gestor-para-inovacao-agropecuaria\/","title":{"rendered":"NOVO COMIT\u00ca GESTOR PARA INOVA\u00c7\u00c3O AGROPECU\u00c1RIA"},"content":{"rendered":"<p style=\"text-align: center;\"><img fetchpriority=\"high\" decoding=\"async\" class=\"size-medium wp-image-4813 aligncenter\" src=\"https:\/\/sindesp.org.br\/wp-content\/uploads\/2026\/04\/WhatsApp-Image-2026-04-22-at-16.47.50-300x213.jpeg\" alt=\"\" width=\"300\" height=\"213\" srcset=\"https:\/\/sindesp.org.br\/wp-content\/uploads\/2026\/04\/WhatsApp-Image-2026-04-22-at-16.47.50-300x213.jpeg 300w, https:\/\/sindesp.org.br\/wp-content\/uploads\/2026\/04\/WhatsApp-Image-2026-04-22-at-16.47.50.jpeg 370w\" sizes=\"(max-width: 300px) 100vw, 300px\" \/><\/p>\n<p>O Governo do Cear\u00e1, em parceria com o Minist\u00e9rio da Agricultura e Pecu\u00e1ria (Mapa), acaba de criar o Comit\u00ea Gestor Estadual para Inova\u00e7\u00e3o Agropecu\u00e1ria, que tem como miss\u00e3o articular o ecossistema de inova\u00e7\u00e3o, unindo startups, pesquisadores e produtores rurais para transformar o Cear\u00e1 em um polo de tecnologia agroindustrial.<br \/>\nA Universidade Estadual do Cear\u00e1 (UECE) integra o novo Comit\u00ea, tendo como representante titular o professor e pesquisador do Programa de P\u00f3s-Gradua\u00e7\u00e3o em Ci\u00eancias Veterin\u00e1rias (PPGCV), D\u00c1RCIO \u00cdtalo Teixeira, que tamb\u00e9m \u00e9 vice-reitor da UECE; e, como suplente, o professor e pesquisador DAVIDE Rondina, tamb\u00e9m vinculado \u00e0 Faculdade de Veterin\u00e1ria (FAVET).<\/p>\n<p>Sob a coordena\u00e7\u00e3o da Secretaria do Desenvolvimento Econ\u00f4mico (SDE), o Comit\u00ea conta com 30 institui\u00e7\u00f5es, empossadas no \u00faltimo dia 23 de mar\u00e7o, divididas em cinco blocos que abrangem desde \u00f3rg\u00e3os de defesa agropecu\u00e1ria (ADAGRI) e assist\u00eancia t\u00e9cnica (EMATERCE, FIEC, FAEC, CODEVASF, SEBRAE, FECOM\u00c9RCIO, SECITECE, FUNCAP), at\u00e9 institui\u00e7\u00f5es de pesquisa, como a EMBRAPA, de ensino superior (UECE, UFC, IFCE, UNIFOR E UNILAB) e institui\u00e7\u00f5es banc\u00e1rias.<\/p>\n","protected":false},"excerpt":{"rendered":"<p>O Governo do Cear\u00e1, em parceria com o Minist\u00e9rio da Agricultura e Pecu\u00e1ria (Mapa), acaba de criar o Comit\u00ea Gestor Estadual para Inova\u00e7\u00e3o Agropecu\u00e1ria, que tem como miss\u00e3o articular o ecossistema de inova\u00e7\u00e3o, unindo startups, pesquisadores e produtores rurais para transformar o Cear\u00e1 em um polo de tecnologia agroindustrial. A Universidade Estadual do Cear\u00e1 (UECE) integra o novo Comit\u00ea, tendo como representante titular o professor e pesquisador do Programa de P\u00f3s-Gradua\u00e7\u00e3o em Ci\u00eancias Veterin\u00e1rias (PPGCV), D\u00c1RCIO \u00cdtalo Teixeira, que tamb\u00e9m \u00e9 vice-reitor da UECE; e, como suplente, o professor e pesquisador DAVIDE Rondina, tamb\u00e9m vinculado \u00e0 Faculdade de Veterin\u00e1ria (FAVET). Sob a coordena\u00e7\u00e3o da Secretaria do Desenvolvimento Econ\u00f4mico (SDE), o Comit\u00ea conta com 30 institui\u00e7\u00f5es, empossadas no \u00faltimo dia 23 de mar\u00e7o, divididas em cinco blocos que abrangem desde \u00f3rg\u00e3os de defesa agropecu\u00e1ria (ADAGRI) e assist\u00eancia t\u00e9cnica (EMATERCE, FIEC, FAEC, CODEVASF, SEBRAE, FECOM\u00c9RCIO, SECITECE, FUNCAP), at\u00e9 institui\u00e7\u00f5es de pesquisa, como a EMBRAPA, de ensino superior (UECE, UFC, IFCE, UNIFOR E UNILAB) e institui\u00e7\u00f5es banc\u00e1rias.<\/p>\n","protected":false},"author":1,"featured_media":0,"comment_status":"closed","ping_status":"open","sticky":false,"template":"","format":"standard","meta":{"_joinchat":[],"footnotes":""},"categories":[36],"tags":[],"class_list":["post-4812","post","type-post","status-publish","format-standard","hentry","category-blog"],"_links":{"self":[{"href":"https:\/\/sindesp.org.br\/index.php\/wp-json\/wp\/v2\/posts\/4812","targetHints":{"allow":["GET"]}}],"collection":[{"href":"https:\/\/sindesp.org.br\/index.php\/wp-json\/wp\/v2\/posts"}],"about":[{"href":"https:\/\/sindesp.org.br\/index.php\/wp-json\/wp\/v2\/types\/post"}],"author":[{"embeddable":true,"href":"https:\/\/sindesp.org.br\/index.php\/wp-json\/wp\/v2\/users\/1"}],"replies":[{"embeddable":true,"href":"https:\/\/sindesp.org.br\/index.php\/wp-json\/wp\/v2\/comments?post=4812"}],"version-history":[{"count":1,"href":"https:\/\/sindesp.org.br\/index.php\/wp-json\/wp\/v2\/posts\/4812\/revisions"}],"predecessor-version":[{"id":4814,"href":"https:\/\/sindesp.org.br\/index.php\/wp-json\/wp\/v2\/posts\/4812\/revisions\/4814"}],"wp:attachment":[{"href":"https:\/\/sindesp.org.br\/index.php\/wp-json\/wp\/v2\/media?parent=4812"}],"wp:term":[{"taxonomy":"category","embeddable":true,"href":"https:\/\/sindesp.org.br\/index.php\/wp-json\/wp\/v2\/categories?post=4812"},{"taxonomy":"post_tag","embeddable":true,"href":"https:\/\/sindesp.org.br\/index.php\/wp-json\/wp\/v2\/tags?post=4812"}],"curies":[{"name":"wp","href":"https:\/\/api.w.org\/{rel}","templated":true}]}}