{"id":4836,"date":"2026-04-27T11:08:04","date_gmt":"2026-04-27T14:08:04","guid":{"rendered":"https:\/\/sindesp.org.br\/?p=4836"},"modified":"2026-04-27T11:08:04","modified_gmt":"2026-04-27T14:08:04","slug":"comissao-especial-do-sindesp-urca","status":"publish","type":"post","link":"https:\/\/sindesp.org.br\/index.php\/2026\/04\/27\/comissao-especial-do-sindesp-urca\/","title":{"rendered":"COMISS\u00c3O ESPECIAL DO SINDESP &#8211; URCA"},"content":{"rendered":"<p>COMISS\u00c3O ESPECIAL DO SINDESP CONSTITU\u00cdDA pelo Presidente\u00a0Professor In\u00e1cio de Loiola Saraiva; Vice-Presidente Regional da URCA,\u00a0Professor Gilvan Luiz de Melo; Secret\u00e1rio Geral\u00a0Professor Fernando Peixoto de Melo; Diretor de Divulga\u00e7\u00e3o\/Cultura e Editor do JESS (Jornal Eletr\u00f4nico) Eliezer Alves; assessoras especiais, Sol Teles Queiroz (marketing); Marcia Oliveira (planejamento e coordena\u00e7\u00e3o na \u00e1rea de sa\u00fade); Vanessa Alexandre Maia (jur\u00eddico), al\u00e9m das integrantes de apoio log\u00edstico Denise Martins Lima Sousa e ZILMA Vasconcelos dos Santos empreenderam na \u00faltima semana (13.04 a 18.04.2026) relevantes compromissos em Crato (CE), destacando-se a se\u00e7\u00e3o solene de outorga do Diploma Honra ao M\u00e9rito concedido pelo SINDESP aos magn\u00edficos Reitores da URCA, Professor Carlos Kleber de Oliveira; a vice-reitora,\u00a0Professora Socorro Vieira, a\u00a0 Coordena\u00e7\u00e3o e Doc\u00eancia na P\u00f3s-Gradua\u00e7\u00e3o, Gest\u00e3o de Pesquisa e Gest\u00e3o Acad\u00eamica,\u00a0 Francisco de Assis Bezerra Cunha e o diretor do\u00a0Museu de Paleontologia Pl\u00e1cido Cidade Nuvens, vinculado \u00e0 Universidade Regional do Cariri (URCA) em Santana do Cariri, professor e pesquisador\u00a0ALLYSSON Pontes Pinheiro. Afora importantes e valiosas reuni\u00f5es, entrevistas, audi\u00eancia e articula\u00e7\u00f5es com dirigentes de entidades da URCA, professores (filiados), gestores empresariais (prestadores de servi\u00e7os) destacando, ainda assuntos jur\u00eddicos de interesses de filados como procedimentos e posicionamentos de precat\u00f3rios, avalia\u00e7\u00e3o sindical na regi\u00e3o, filia\u00e7\u00f5es e reinaugura\u00e7\u00e3o da sede sindical entre outros<\/p>\n<p>Os profissionais homenageados fazem uma imensa diferen\u00e7a na esfera p\u00fablica a n\u00edvel nacional e internacional notabilizando-se por seus excepcionais desempenhos, indiscut\u00edveis dedica\u00e7\u00f5es e incans\u00e1veis comprimentos no Ensino, na Pesquisa e na Extens\u00e3o com brilhante trajet\u00f3ria com trabalhos cient\u00edficos no contexto hist\u00f3rico e pioneiro, valoriza\u00e7\u00e3o de diversidades na ci\u00eancia, consider\u00e1vel car\u00e1cter, not\u00e1vel lideran\u00e7a, imensur\u00e1vel legado, impacto humano, relevante inspira\u00e7\u00e3o para estudantes e jovens pesquisadores. Foi profundo reconhecimento com representativa gratid\u00e3o pelo exemplo de suas gest\u00f5es administrativas, \u00e9tica, compet\u00eancia, determina\u00e7\u00e3o e humanidade transmitido a todos n\u00f3s, especial, a seus sinceros admiradores.<\/p>\n","protected":false},"excerpt":{"rendered":"<p>COMISS\u00c3O ESPECIAL DO SINDESP CONSTITU\u00cdDA pelo Presidente\u00a0Professor In\u00e1cio de Loiola Saraiva; Vice-Presidente Regional da URCA,\u00a0Professor Gilvan Luiz de Melo; Secret\u00e1rio Geral\u00a0Professor Fernando Peixoto de Melo; Diretor de Divulga\u00e7\u00e3o\/Cultura e Editor do JESS (Jornal Eletr\u00f4nico) Eliezer Alves; assessoras especiais, Sol Teles Queiroz (marketing); Marcia Oliveira (planejamento e coordena\u00e7\u00e3o na \u00e1rea de sa\u00fade); Vanessa Alexandre Maia (jur\u00eddico), al\u00e9m das integrantes de apoio log\u00edstico Denise Martins Lima Sousa e ZILMA Vasconcelos dos Santos empreenderam na \u00faltima semana (13.04 a 18.04.2026) relevantes compromissos em Crato (CE), destacando-se a se\u00e7\u00e3o solene de outorga do Diploma Honra ao M\u00e9rito concedido pelo SINDESP aos magn\u00edficos Reitores da URCA, Professor Carlos Kleber de Oliveira; a vice-reitora,\u00a0Professora Socorro Vieira, a\u00a0 Coordena\u00e7\u00e3o e Doc\u00eancia na P\u00f3s-Gradua\u00e7\u00e3o, Gest\u00e3o de Pesquisa e Gest\u00e3o Acad\u00eamica,\u00a0 Francisco de Assis Bezerra Cunha e o diretor do\u00a0Museu de Paleontologia Pl\u00e1cido Cidade Nuvens, vinculado \u00e0 Universidade Regional do Cariri (URCA) em Santana do Cariri, professor e pesquisador\u00a0ALLYSSON Pontes Pinheiro. Afora importantes e valiosas reuni\u00f5es, entrevistas, audi\u00eancia e articula\u00e7\u00f5es com dirigentes de entidades da URCA, professores (filiados), gestores empresariais (prestadores de servi\u00e7os) destacando, ainda assuntos jur\u00eddicos de interesses de filados como procedimentos e posicionamentos de precat\u00f3rios, avalia\u00e7\u00e3o sindical na regi\u00e3o, filia\u00e7\u00f5es e reinaugura\u00e7\u00e3o da sede sindical entre outros Os profissionais homenageados fazem uma imensa diferen\u00e7a na esfera p\u00fablica a n\u00edvel nacional e internacional notabilizando-se por seus excepcionais desempenhos, indiscut\u00edveis dedica\u00e7\u00f5es e incans\u00e1veis comprimentos no Ensino, na Pesquisa e na Extens\u00e3o com brilhante trajet\u00f3ria com trabalhos cient\u00edficos no contexto hist\u00f3rico e pioneiro, valoriza\u00e7\u00e3o de diversidades na ci\u00eancia, consider\u00e1vel car\u00e1cter, not\u00e1vel lideran\u00e7a, imensur\u00e1vel legado, impacto humano, relevante inspira\u00e7\u00e3o para estudantes e jovens pesquisadores. Foi profundo reconhecimento com representativa gratid\u00e3o pelo exemplo de suas gest\u00f5es administrativas, \u00e9tica, compet\u00eancia, determina\u00e7\u00e3o e humanidade transmitido a todos n\u00f3s, especial, a seus sinceros admiradores.<\/p>\n","protected":false},"author":1,"featured_media":4837,"comment_status":"closed","ping_status":"open","sticky":false,"template":"","format":"standard","meta":{"_joinchat":[],"footnotes":""},"categories":[5],"tags":[],"class_list":["post-4836","post","type-post","status-publish","format-standard","has-post-thumbnail","hentry","category-destaques"],"_links":{"self":[{"href":"https:\/\/sindesp.org.br\/index.php\/wp-json\/wp\/v2\/posts\/4836","targetHints":{"allow":["GET"]}}],"collection":[{"href":"https:\/\/sindesp.org.br\/index.php\/wp-json\/wp\/v2\/posts"}],"about":[{"href":"https:\/\/sindesp.org.br\/index.php\/wp-json\/wp\/v2\/types\/post"}],"author":[{"embeddable":true,"href":"https:\/\/sindesp.org.br\/index.php\/wp-json\/wp\/v2\/users\/1"}],"replies":[{"embeddable":true,"href":"https:\/\/sindesp.org.br\/index.php\/wp-json\/wp\/v2\/comments?post=4836"}],"version-history":[{"count":1,"href":"https:\/\/sindesp.org.br\/index.php\/wp-json\/wp\/v2\/posts\/4836\/revisions"}],"predecessor-version":[{"id":4838,"href":"https:\/\/sindesp.org.br\/index.php\/wp-json\/wp\/v2\/posts\/4836\/revisions\/4838"}],"wp:featuredmedia":[{"embeddable":true,"href":"https:\/\/sindesp.org.br\/index.php\/wp-json\/wp\/v2\/media\/4837"}],"wp:attachment":[{"href":"https:\/\/sindesp.org.br\/index.php\/wp-json\/wp\/v2\/media?parent=4836"}],"wp:term":[{"taxonomy":"category","embeddable":true,"href":"https:\/\/sindesp.org.br\/index.php\/wp-json\/wp\/v2\/categories?post=4836"},{"taxonomy":"post_tag","embeddable":true,"href":"https:\/\/sindesp.org.br\/index.php\/wp-json\/wp\/v2\/tags?post=4836"}],"curies":[{"name":"wp","href":"https:\/\/api.w.org\/{rel}","templated":true}]}}