{"id":4839,"date":"2026-04-27T11:13:07","date_gmt":"2026-04-27T14:13:07","guid":{"rendered":"https:\/\/sindesp.org.br\/?p=4839"},"modified":"2026-04-27T11:13:49","modified_gmt":"2026-04-27T14:13:49","slug":"docentes-da-uece-integram-trajetoria-da-ciencia-no-ceara","status":"publish","type":"post","link":"https:\/\/sindesp.org.br\/index.php\/2026\/04\/27\/docentes-da-uece-integram-trajetoria-da-ciencia-no-ceara\/","title":{"rendered":"DOCENTES DA UECE INTEGRAM TRAJET\u00d3RIA DA CI\u00caNCIA NO CEAR\u00c1"},"content":{"rendered":"<p><img fetchpriority=\"high\" decoding=\"async\" class=\"size-full wp-image-4840 aligncenter\" src=\"https:\/\/sindesp.org.br\/wp-content\/uploads\/2026\/04\/WhatsApp-Image-2026-04-27-at-11.07.27.jpeg\" alt=\"\" width=\"292\" height=\"299\" \/><br \/>\nA contribui\u00e7\u00e3o de pesquisadores vinculados \u00e0 Universidade Estadual do Cear\u00e1 (UECE) para o desenvolvimento da ci\u00eancia no estado \u00e9 evidenciada no livro \u201cAcademia Cearense de Ci\u00eancias \u2013 40 anos de hist\u00f3ria (1985\u20132025), publicado em 2026 pelo Instituto de Estudos e Pesquisas sobre o Desenvolvimento do Estado do Cear\u00e1 (INESP), da Assembleia Legislativa do Cear\u00e1. A obra, organizada pelos professores Selene Maia (UECE) e ALB\u00c9RSIO Lima (UFC), re\u00fane aspectos hist\u00f3ricos da Academia Cearense de Ci\u00eancias (ACECI), fundada em 1985, al\u00e9m de apresentar MINIMEMORIAIS de seus membros titulares e honor\u00e1rios.<\/p>\n","protected":false},"excerpt":{"rendered":"<p>A contribui\u00e7\u00e3o de pesquisadores vinculados \u00e0 Universidade Estadual do Cear\u00e1 (UECE) para o desenvolvimento da ci\u00eancia no estado \u00e9 evidenciada no livro \u201cAcademia Cearense de Ci\u00eancias \u2013 40 anos de hist\u00f3ria (1985\u20132025), publicado em 2026 pelo Instituto de Estudos e Pesquisas sobre o Desenvolvimento do Estado do Cear\u00e1 (INESP), da Assembleia Legislativa do Cear\u00e1. A obra, organizada pelos professores Selene Maia (UECE) e ALB\u00c9RSIO Lima (UFC), re\u00fane aspectos hist\u00f3ricos da Academia Cearense de Ci\u00eancias (ACECI), fundada em 1985, al\u00e9m de apresentar MINIMEMORIAIS de seus membros titulares e honor\u00e1rios.<\/p>\n","protected":false},"author":1,"featured_media":0,"comment_status":"closed","ping_status":"open","sticky":false,"template":"","format":"standard","meta":{"_joinchat":[],"footnotes":""},"categories":[36],"tags":[],"class_list":["post-4839","post","type-post","status-publish","format-standard","hentry","category-blog"],"_links":{"self":[{"href":"https:\/\/sindesp.org.br\/index.php\/wp-json\/wp\/v2\/posts\/4839","targetHints":{"allow":["GET"]}}],"collection":[{"href":"https:\/\/sindesp.org.br\/index.php\/wp-json\/wp\/v2\/posts"}],"about":[{"href":"https:\/\/sindesp.org.br\/index.php\/wp-json\/wp\/v2\/types\/post"}],"author":[{"embeddable":true,"href":"https:\/\/sindesp.org.br\/index.php\/wp-json\/wp\/v2\/users\/1"}],"replies":[{"embeddable":true,"href":"https:\/\/sindesp.org.br\/index.php\/wp-json\/wp\/v2\/comments?post=4839"}],"version-history":[{"count":1,"href":"https:\/\/sindesp.org.br\/index.php\/wp-json\/wp\/v2\/posts\/4839\/revisions"}],"predecessor-version":[{"id":4841,"href":"https:\/\/sindesp.org.br\/index.php\/wp-json\/wp\/v2\/posts\/4839\/revisions\/4841"}],"wp:attachment":[{"href":"https:\/\/sindesp.org.br\/index.php\/wp-json\/wp\/v2\/media?parent=4839"}],"wp:term":[{"taxonomy":"category","embeddable":true,"href":"https:\/\/sindesp.org.br\/index.php\/wp-json\/wp\/v2\/categories?post=4839"},{"taxonomy":"post_tag","embeddable":true,"href":"https:\/\/sindesp.org.br\/index.php\/wp-json\/wp\/v2\/tags?post=4839"}],"curies":[{"name":"wp","href":"https:\/\/api.w.org\/{rel}","templated":true}]}}